{"id":14627,"date":"2025-03-18T15:16:04","date_gmt":"2025-03-18T15:16:04","guid":{"rendered":"https:\/\/ladepeche.mr\/?p=14627"},"modified":"2025-03-19T01:56:49","modified_gmt":"2025-03-19T01:56:49","slug":"presidence-de-la-republique-un-directoire-de-campagne-pour-la-presidence-de-la-bad-mis-en-place-2","status":"publish","type":"post","link":"https:\/\/ladepeche.mr\/?p=14627","title":{"rendered":"Pr\u00e9sidence de la R\u00e9publique : Un directoire de campagne pour la pr\u00e9sidence de la BAD mis en place"},"content":{"rendered":"<p>La Pr\u00e9sidence de la R\u00e9publique annonce dans un communiqu\u00e9 rendu public ce jour, 18 mars 2025, qu\u2019un directoire de campagne a \u00e9t\u00e9 constitu\u00e9 en soutien \u00e0 la candidature de la R\u00e9publique islamique de Mauritanie, \u00e0 la t\u00eate de la Banque africaine de d\u00e9veloppement, en la personne de M. Sidi Ould Tah,<\/p>\n<p>Selon ce m\u00eame, la campagne sera g\u00e9r\u00e9e par un comit\u00e9 de pilotage de haut niveau pr\u00e9sid\u00e9 par le Premier ministre Mokhtar Ould Djayei et une coordination pr\u00e9sid\u00e9e par le ministre de l\u2019Economie et des Finances Sid Ahmed Ould Bouh.<\/p>\n<p>&nbsp;<\/p>\n","protected":false},"excerpt":{"rendered":"<p>La Pr\u00e9sidence de la R\u00e9publique annonce dans un communiqu\u00e9 rendu public ce jour, 18 mars 2025, qu\u2019un directoire de campagne a \u00e9t\u00e9 constitu\u00e9 en soutien \u00e0 la candidature de la R\u00e9publique islamique de Mauritanie, \u00e0 la t\u00eate de la Banque africaine de d\u00e9veloppement, en la personne de M. Sidi Ould Tah, Selon ce m\u00eame, la &hellip;<\/p>\n","protected":false},"author":2,"featured_media":14628,"comment_status":"open","ping_status":"open","sticky":false,"template":"","format":"standard","meta":{"footnotes":""},"categories":[18,2,29],"tags":[],"class_list":["post-14627","post","type-post","status-publish","format-standard","has-post-thumbnail","hentry","category-actualites","category-economie","category-monde"],"_links":{"self":[{"href":"https:\/\/ladepeche.mr\/index.php?rest_route=\/wp\/v2\/posts\/14627","targetHints":{"allow":["GET"]}}],"collection":[{"href":"https:\/\/ladepeche.mr\/index.php?rest_route=\/wp\/v2\/posts"}],"about":[{"href":"https:\/\/ladepeche.mr\/index.php?rest_route=\/wp\/v2\/types\/post"}],"author":[{"embeddable":true,"href":"https:\/\/ladepeche.mr\/index.php?rest_route=\/wp\/v2\/users\/2"}],"replies":[{"embeddable":true,"href":"https:\/\/ladepeche.mr\/index.php?rest_route=%2Fwp%2Fv2%2Fcomments&post=14627"}],"version-history":[{"count":2,"href":"https:\/\/ladepeche.mr\/index.php?rest_route=\/wp\/v2\/posts\/14627\/revisions"}],"predecessor-version":[{"id":14642,"href":"https:\/\/ladepeche.mr\/index.php?rest_route=\/wp\/v2\/posts\/14627\/revisions\/14642"}],"wp:featuredmedia":[{"embeddable":true,"href":"https:\/\/ladepeche.mr\/index.php?rest_route=\/wp\/v2\/media\/14628"}],"wp:attachment":[{"href":"https:\/\/ladepeche.mr\/index.php?rest_route=%2Fwp%2Fv2%2Fmedia&parent=14627"}],"wp:term":[{"taxonomy":"category","embeddable":true,"href":"https:\/\/ladepeche.mr\/index.php?rest_route=%2Fwp%2Fv2%2Fcategories&post=14627"},{"taxonomy":"post_tag","embeddable":true,"href":"https:\/\/ladepeche.mr\/index.php?rest_route=%2Fwp%2Fv2%2Ftags&post=14627"}],"curies":[{"name":"wp","href":"https:\/\/api.w.org\/{rel}","templated":true}]}}