{"id":14634,"date":"2025-03-18T21:24:23","date_gmt":"2025-03-18T21:24:23","guid":{"rendered":"https:\/\/ladepeche.mr\/?p=14634"},"modified":"2025-03-18T21:24:23","modified_gmt":"2025-03-18T21:24:23","slug":"le-ministre-de-leconomie-et-des-finances-recoit-le-charge-daffaires-ukrainien","status":"publish","type":"post","link":"https:\/\/ladepeche.mr\/?p=14634","title":{"rendered":"Le ministre de l&#8217;Economie et des Finances re\u00e7oit le Charg\u00e9 d&#8217;Affaires Ukrainien"},"content":{"rendered":"<p>Son Excellence le ministre de l&#8217;Economie et des Finances, M. Sid&#8217;Ahmed Ould Bouh, a re\u00e7u mardi matin \u00e0 son bureau \u00e0 Nouakchott, le Charg\u00e9 d&#8217;affaires \u00e0 l&#8217;Ambassade de la R\u00e9publique d&#8217;Ukraine dans notre pays, M. Roman Seryda.<\/p>\n<p>L&#8217;entretien a port\u00e9 sur les perspectives de coop\u00e9ration entre notre pays et la R\u00e9publique d&#8217;Ukraine et des moyens de les renforcer et de les d\u00e9velopper, notamment dans les domaines de l&#8217;\u00e9conomie et des finances.<\/p>\n<p>La r\u00e9union s&#8217;est d\u00e9roul\u00e9e en pr\u00e9sence du secr\u00e9taire g\u00e9n\u00e9ral du minist\u00e8re, M. Yacoub Ould Ahmed Aicha, et de M. Mahfoud Mahmoud Brahim, directeur g\u00e9n\u00e9ral adjoint des Financements et de la Coop\u00e9ration \u00e9conomique.<\/p>\n<p>MEF<\/p>\n","protected":false},"excerpt":{"rendered":"<p>Son Excellence le ministre de l&#8217;Economie et des Finances, M. Sid&#8217;Ahmed Ould Bouh, a re\u00e7u mardi matin \u00e0 son bureau \u00e0 Nouakchott, le Charg\u00e9 d&#8217;affaires \u00e0 l&#8217;Ambassade de la R\u00e9publique d&#8217;Ukraine dans notre pays, M. Roman Seryda. L&#8217;entretien a port\u00e9 sur les perspectives de coop\u00e9ration entre notre pays et la R\u00e9publique d&#8217;Ukraine et des moyens &hellip;<\/p>\n","protected":false},"author":2,"featured_media":14635,"comment_status":"open","ping_status":"open","sticky":false,"template":"","format":"standard","meta":{"footnotes":""},"categories":[18,2],"tags":[],"class_list":["post-14634","post","type-post","status-publish","format-standard","has-post-thumbnail","hentry","category-actualites","category-economie"],"_links":{"self":[{"href":"https:\/\/ladepeche.mr\/index.php?rest_route=\/wp\/v2\/posts\/14634","targetHints":{"allow":["GET"]}}],"collection":[{"href":"https:\/\/ladepeche.mr\/index.php?rest_route=\/wp\/v2\/posts"}],"about":[{"href":"https:\/\/ladepeche.mr\/index.php?rest_route=\/wp\/v2\/types\/post"}],"author":[{"embeddable":true,"href":"https:\/\/ladepeche.mr\/index.php?rest_route=\/wp\/v2\/users\/2"}],"replies":[{"embeddable":true,"href":"https:\/\/ladepeche.mr\/index.php?rest_route=%2Fwp%2Fv2%2Fcomments&post=14634"}],"version-history":[{"count":1,"href":"https:\/\/ladepeche.mr\/index.php?rest_route=\/wp\/v2\/posts\/14634\/revisions"}],"predecessor-version":[{"id":14636,"href":"https:\/\/ladepeche.mr\/index.php?rest_route=\/wp\/v2\/posts\/14634\/revisions\/14636"}],"wp:featuredmedia":[{"embeddable":true,"href":"https:\/\/ladepeche.mr\/index.php?rest_route=\/wp\/v2\/media\/14635"}],"wp:attachment":[{"href":"https:\/\/ladepeche.mr\/index.php?rest_route=%2Fwp%2Fv2%2Fmedia&parent=14634"}],"wp:term":[{"taxonomy":"category","embeddable":true,"href":"https:\/\/ladepeche.mr\/index.php?rest_route=%2Fwp%2Fv2%2Fcategories&post=14634"},{"taxonomy":"post_tag","embeddable":true,"href":"https:\/\/ladepeche.mr\/index.php?rest_route=%2Fwp%2Fv2%2Ftags&post=14634"}],"curies":[{"name":"wp","href":"https:\/\/api.w.org\/{rel}","templated":true}]}}