{"id":14644,"date":"2025-03-19T09:05:15","date_gmt":"2025-03-19T09:05:15","guid":{"rendered":"https:\/\/ladepeche.mr\/?p=14644"},"modified":"2025-03-19T09:05:15","modified_gmt":"2025-03-19T09:05:15","slug":"reprise-des-agressions-sionistes-contre-ghaza-la-palestine-demande-une-session-extraordinaire-de-la-ligue-arabe","status":"publish","type":"post","link":"https:\/\/ladepeche.mr\/?p=14644","title":{"rendered":"Reprise des agressions sionistes contre Ghaza : la Palestine demande une session extraordinaire de la Ligue arabe"},"content":{"rendered":"<p>Le Repr\u00e9sentant permanent de l&#8217;Etat de Palestine aupr\u00e8s de la Ligue arabe, l&#8217;Ambassadeur Muhannad Al-Aklouk, cit\u00e9 par l&#8217;agence palestinienne de presse, Wafa, a indiqu\u00e9 que l&#8217;Etat de Palestine a soumis une demande au Secr\u00e9tariat g\u00e9n\u00e9ral de la Ligue des Etats arabes, pour convoquer une session extraordinaire du Conseil de la Ligue des Etats arabes, au niveau des repr\u00e9sentants permanents, suite \u00e0 la reprise par l&#8217;entit\u00e9 sioniste, de ses crimes d&#8217;agression, du g\u00e9nocide et de nettoyage ethnique.<\/p>\n<p>M.Al-Aklouk a ajout\u00e9 que cette session extraordinaire devrait discuter des efforts arabes et internationaux, pour contraindre l&#8217;entit\u00e9 sioniste \u00e0 cesser ses crimes et son agression contre le peuple palestinien, et \u00e0 se conformer au droit international et aux r\u00e9solutions de l\u00e9gitimit\u00e9 internationale.<\/p>\n<p>Au moins 404 palestiniens sont tomb\u00e9s en martyrs et 562 autres ont \u00e9t\u00e9 bless\u00e9s dans les frappes sionistes perp\u00e9tr\u00e9es dans la nuit sur la bande de Ghaza, d&#8217;une violence sans pr\u00e9c\u00e9dent depuis le d\u00e9but de la tr\u00eave le 19 janvier.<\/p>\n<p><a href=\"https:\/\/www.msn.com\/fr-xl\/afrique-du-nord\/algerie-actualite\/reprise-des-agressions-sionistes-contre-ghaza-la-palestine-demande-une-session-extraordinaire-de-la-ligue-arabe\/ar-AA1BbLNG?ocid=msedgdhp&amp;pc=U531&amp;cvid=c03989c72653409986ca8a961bbd40fa&amp;ei=40#\">Reprise des agressions sionistes contre Ghaza : la Palestine demande une session extraordinaire de la Ligue arabe<\/a><\/p>\n","protected":false},"excerpt":{"rendered":"<p>Le Repr\u00e9sentant permanent de l&#8217;Etat de Palestine aupr\u00e8s de la Ligue arabe, l&#8217;Ambassadeur Muhannad Al-Aklouk, cit\u00e9 par l&#8217;agence palestinienne de presse, Wafa, a indiqu\u00e9 que l&#8217;Etat de Palestine a soumis une demande au Secr\u00e9tariat g\u00e9n\u00e9ral de la Ligue des Etats arabes, pour convoquer une session extraordinaire du Conseil de la Ligue des Etats arabes, au &hellip;<\/p>\n","protected":false},"author":2,"featured_media":14645,"comment_status":"open","ping_status":"open","sticky":false,"template":"","format":"standard","meta":{"footnotes":""},"categories":[18,29],"tags":[],"class_list":["post-14644","post","type-post","status-publish","format-standard","has-post-thumbnail","hentry","category-actualites","category-monde"],"_links":{"self":[{"href":"https:\/\/ladepeche.mr\/index.php?rest_route=\/wp\/v2\/posts\/14644","targetHints":{"allow":["GET"]}}],"collection":[{"href":"https:\/\/ladepeche.mr\/index.php?rest_route=\/wp\/v2\/posts"}],"about":[{"href":"https:\/\/ladepeche.mr\/index.php?rest_route=\/wp\/v2\/types\/post"}],"author":[{"embeddable":true,"href":"https:\/\/ladepeche.mr\/index.php?rest_route=\/wp\/v2\/users\/2"}],"replies":[{"embeddable":true,"href":"https:\/\/ladepeche.mr\/index.php?rest_route=%2Fwp%2Fv2%2Fcomments&post=14644"}],"version-history":[{"count":1,"href":"https:\/\/ladepeche.mr\/index.php?rest_route=\/wp\/v2\/posts\/14644\/revisions"}],"predecessor-version":[{"id":14646,"href":"https:\/\/ladepeche.mr\/index.php?rest_route=\/wp\/v2\/posts\/14644\/revisions\/14646"}],"wp:featuredmedia":[{"embeddable":true,"href":"https:\/\/ladepeche.mr\/index.php?rest_route=\/wp\/v2\/media\/14645"}],"wp:attachment":[{"href":"https:\/\/ladepeche.mr\/index.php?rest_route=%2Fwp%2Fv2%2Fmedia&parent=14644"}],"wp:term":[{"taxonomy":"category","embeddable":true,"href":"https:\/\/ladepeche.mr\/index.php?rest_route=%2Fwp%2Fv2%2Fcategories&post=14644"},{"taxonomy":"post_tag","embeddable":true,"href":"https:\/\/ladepeche.mr\/index.php?rest_route=%2Fwp%2Fv2%2Ftags&post=14644"}],"curies":[{"name":"wp","href":"https:\/\/api.w.org\/{rel}","templated":true}]}}