{"id":14650,"date":"2025-03-19T13:45:36","date_gmt":"2025-03-19T13:45:36","guid":{"rendered":"https:\/\/ladepeche.mr\/?p=14650"},"modified":"2025-03-19T13:45:36","modified_gmt":"2025-03-19T13:45:36","slug":"le-mali-quitte-lorganisation-internationale-de-la-francophonie","status":"publish","type":"post","link":"https:\/\/ladepeche.mr\/?p=14650","title":{"rendered":"Le Mali quitte l\u2019Organisation internationale de la Francophonie"},"content":{"rendered":"<p data-t=\"{&quot;n&quot;:&quot;blueLinks&quot;}\"><strong>L\u2019organisation perd avec le Niger et le Mali deux de ses membres fondateurs.<\/strong><\/p>\n<div class=\"article-image-slot image-slot-placeholder\" data-doc-id=\"cms\/api\/amp\/image\/AA1BdHVW\">\n<div class=\"article-image-slot\">\n<div class=\"article-image-container polished\" data-t=\"{&quot;n&quot;:&quot;OpenModal&quot;,&quot;t&quot;:13,&quot;b&quot;:8,&quot;c.i&quot;:&quot;AA1BdOOV&quot;,&quot;c.l&quot;:false,&quot;c.t&quot;:13,&quot;c.v&quot;:&quot;news&quot;,&quot;c.c&quot;:&quot;others&quot;,&quot;c.b&quot;:&quot;Euronews fran\u00e7ais&quot;,&quot;c.bi&quot;:&quot;AA2qy7x&quot;,&quot;c.tv&quot;:&quot;politics&quot;,&quot;c.tc&quot;:&quot;government&quot;,&quot;c.hl&quot;:&quot;Le Mali quitte l\u2019Organisation internationale de la Francophonie&quot;}\" data-test-id=\"AA1BdHVW\">\n<p data-t=\"{&quot;n&quot;:&quot;blueLinks&quot;}\"><strong>Le Mali a officiellement annonc\u00e9 son retrait de l\u2019Organisation internationale de la Francophonie (OIF), suivant ainsi le Niger et le Burkina Faso, ses alli\u00e9s au sein de l\u2019Alliance des \u00c9tats du Sahel (AES).<\/strong><\/p>\n<p data-t=\"{&quot;n&quot;:&quot;blueLinks&quot;}\">Dans un communiqu\u00e9, le minist\u00e8re des Affaires \u00e9trang\u00e8res malien d\u00e9nonce une application \u00ab s\u00e9lective \u00bb des sanctions par l\u2019OIF, bas\u00e9e sur des consid\u00e9rations g\u00e9opolitiques, ainsi qu\u2019un manque de respect pour la souverainet\u00e9 des \u00c9tats. Il accuse \u00e9galement l\u2019organisation d\u2019\u00eatre devenue un\u00a0<em>instrument politique t\u00e9l\u00e9guid\u00e9 .<\/em><\/p>\n<p class=\"continue-read-break\" data-t=\"{&quot;n&quot;:&quot;blueLinks&quot;}\">Le communiqu\u00e9 pr\u00e9cise que la d\u00e9cision de retrait a \u00e9t\u00e9 notifi\u00e9e conform\u00e9ment \u00e0 l\u2019article 10 de la Charte de l\u2019OIF. Ce d\u00e9part marque une rupture symbolique, le Mali et le Niger \u00e9tant deux des membres fondateurs de l\u2019organisation, ayant particip\u00e9 au Sommet de Niamey en 1970, qui avait donn\u00e9 naissance \u00e0 l\u2019Agence de Coop\u00e9ration Culturelle et Technique (ACCT), devenue l\u2019OIF en 2005.<\/p>\n<p data-t=\"{&quot;n&quot;:&quot;blueLinks&quot;}\">Pour rappel, le Mali avait \u00e9t\u00e9 suspendu de l\u2019OIF en ao\u00fbt 2020 apr\u00e8s le coup d\u2019\u00c9tat ayant renvers\u00e9 le pr\u00e9sident Ibrahim Boubacar Ke\u00efta. Ce nouvel \u00e9pisode confirme la volont\u00e9 des autorit\u00e9s maliennes de prendre leurs distances avec les institutions internationales jug\u00e9es proches de la France, et de renforcer leur coop\u00e9ration avec de nouveaux partenaires.<\/p>\n<p data-t=\"{&quot;n&quot;:&quot;blueLinks&quot;}\"><a href=\"https:\/\/www.msn.com\/fr-xl\/actualite\/other\/le-mali-quitte-l-organisation-internationale-de-la-francophonie\/ar-AA1BdOOV?ocid=msedgdhp&amp;pc=U531&amp;cvid=88948986aa2a47588afd664535c539ba&amp;ei=11\">Le Mali quitte l\u2019Organisation internationale de la Francophonie<\/a><\/p>\n<\/div>\n<\/div>\n<\/div>\n","protected":false},"excerpt":{"rendered":"<p>L\u2019organisation perd avec le Niger et le Mali deux de ses membres fondateurs. Le Mali a officiellement annonc\u00e9 son retrait de l\u2019Organisation internationale de la Francophonie (OIF), suivant ainsi le Niger et le Burkina Faso, ses alli\u00e9s au sein de l\u2019Alliance des \u00c9tats du Sahel (AES). Dans un communiqu\u00e9, le minist\u00e8re des Affaires \u00e9trang\u00e8res malien &hellip;<\/p>\n","protected":false},"author":2,"featured_media":14651,"comment_status":"open","ping_status":"open","sticky":false,"template":"","format":"standard","meta":{"footnotes":""},"categories":[18,29],"tags":[],"class_list":["post-14650","post","type-post","status-publish","format-standard","has-post-thumbnail","hentry","category-actualites","category-monde"],"_links":{"self":[{"href":"https:\/\/ladepeche.mr\/index.php?rest_route=\/wp\/v2\/posts\/14650","targetHints":{"allow":["GET"]}}],"collection":[{"href":"https:\/\/ladepeche.mr\/index.php?rest_route=\/wp\/v2\/posts"}],"about":[{"href":"https:\/\/ladepeche.mr\/index.php?rest_route=\/wp\/v2\/types\/post"}],"author":[{"embeddable":true,"href":"https:\/\/ladepeche.mr\/index.php?rest_route=\/wp\/v2\/users\/2"}],"replies":[{"embeddable":true,"href":"https:\/\/ladepeche.mr\/index.php?rest_route=%2Fwp%2Fv2%2Fcomments&post=14650"}],"version-history":[{"count":1,"href":"https:\/\/ladepeche.mr\/index.php?rest_route=\/wp\/v2\/posts\/14650\/revisions"}],"predecessor-version":[{"id":14652,"href":"https:\/\/ladepeche.mr\/index.php?rest_route=\/wp\/v2\/posts\/14650\/revisions\/14652"}],"wp:featuredmedia":[{"embeddable":true,"href":"https:\/\/ladepeche.mr\/index.php?rest_route=\/wp\/v2\/media\/14651"}],"wp:attachment":[{"href":"https:\/\/ladepeche.mr\/index.php?rest_route=%2Fwp%2Fv2%2Fmedia&parent=14650"}],"wp:term":[{"taxonomy":"category","embeddable":true,"href":"https:\/\/ladepeche.mr\/index.php?rest_route=%2Fwp%2Fv2%2Fcategories&post=14650"},{"taxonomy":"post_tag","embeddable":true,"href":"https:\/\/ladepeche.mr\/index.php?rest_route=%2Fwp%2Fv2%2Ftags&post=14650"}],"curies":[{"name":"wp","href":"https:\/\/api.w.org\/{rel}","templated":true}]}}