{"id":14653,"date":"2025-03-19T23:26:08","date_gmt":"2025-03-19T23:26:08","guid":{"rendered":"https:\/\/ladepeche.mr\/?p=14653"},"modified":"2025-03-19T23:26:08","modified_gmt":"2025-03-19T23:26:08","slug":"initiative-pour-la-sauvegarde-de-lentente-mauritano-senegalaise-isems-communique","status":"publish","type":"post","link":"https:\/\/ladepeche.mr\/?p=14653","title":{"rendered":"INITIATIVE POUR LA SAUVEGARDE DE L&#8217;ENTENTE MAURITANO-SENEGALAISE (ISEMS) COMMUNIQUE"},"content":{"rendered":"<p>Les relations entre le S\u00e9n\u00e9gal et la Mauritanie sont historiques et profond\u00e9ment enracin\u00e9es dans des liens culturels, \u00e9conomiques et sociaux.<br \/>\nNous encourageons les citoyens des deux pays \u00e0 faire preuve de patience et de compr\u00e9hension, et \u00e0 s&#8217;abstenir de toute forme de discours haineux ou de provocations qui pourraient aggraver les tensions. La diversit\u00e9 culturelle et les relations intercommunautaires doivent \u00eatre c\u00e9l\u00e9br\u00e9es et renforc\u00e9es.<br \/>\nLa Mauritanie comme le S\u00e9n\u00e9gal sont deux \u00c9tats souverains et jouissent d&#8217;un droit inali\u00e9nable de prendre souverainement toute d\u00e9cision a l&#8217;int\u00e9rieur de leur territoire y compris les conditions de s\u00e9jour des \u00e9trangers.<br \/>\nLes discussions constructives engag\u00e9es par nos deux pays afin de trouver des solutions \u00e9quitables qui respectent les droits et les aspirations de tous les citoyens sont la preuve de cette volont\u00e9 de promouvoir un climat de confiance et de respect mutuel, fond\u00e9 sur le dialogue et la solidarit\u00e9.<br \/>\nNotre initiative (l&#8217;ISEMS) ne peut que s&#8217;en f\u00e9liciter et est toujours pr\u00eate \u00e0 contribuer \u00e0 renforcer davantage le dialogue et la coh\u00e9sion entre nos deux Pays.<br \/>\nEnsemble, construisons des ponts plut\u00f4t que des murs.<br \/>\nFait \u00e0 Nouakchott et Dakar le 18 mars 2025.<\/p>\n<p>Pour la Section ISEMS du S\u00e9n\u00e9gal<\/p>\n<p>La Pr\u00e9sidente Mme Maimouna Diagne<\/p>\n<p>Pour la Section ISEMS de la Mauritanie<br \/>\nLe Pr\u00e9sident Ahmed Bezeid Deida<\/p>\n","protected":false},"excerpt":{"rendered":"<p>Les relations entre le S\u00e9n\u00e9gal et la Mauritanie sont historiques et profond\u00e9ment enracin\u00e9es dans des liens culturels, \u00e9conomiques et sociaux. Nous encourageons les citoyens des deux pays \u00e0 faire preuve de patience et de compr\u00e9hension, et \u00e0 s&#8217;abstenir de toute forme de discours haineux ou de provocations qui pourraient aggraver les tensions. La diversit\u00e9 culturelle &hellip;<\/p>\n","protected":false},"author":2,"featured_media":14654,"comment_status":"open","ping_status":"open","sticky":false,"template":"","format":"standard","meta":{"footnotes":""},"categories":[18,19],"tags":[],"class_list":["post-14653","post","type-post","status-publish","format-standard","has-post-thumbnail","hentry","category-actualites","category-tribune"],"_links":{"self":[{"href":"https:\/\/ladepeche.mr\/index.php?rest_route=\/wp\/v2\/posts\/14653","targetHints":{"allow":["GET"]}}],"collection":[{"href":"https:\/\/ladepeche.mr\/index.php?rest_route=\/wp\/v2\/posts"}],"about":[{"href":"https:\/\/ladepeche.mr\/index.php?rest_route=\/wp\/v2\/types\/post"}],"author":[{"embeddable":true,"href":"https:\/\/ladepeche.mr\/index.php?rest_route=\/wp\/v2\/users\/2"}],"replies":[{"embeddable":true,"href":"https:\/\/ladepeche.mr\/index.php?rest_route=%2Fwp%2Fv2%2Fcomments&post=14653"}],"version-history":[{"count":1,"href":"https:\/\/ladepeche.mr\/index.php?rest_route=\/wp\/v2\/posts\/14653\/revisions"}],"predecessor-version":[{"id":14655,"href":"https:\/\/ladepeche.mr\/index.php?rest_route=\/wp\/v2\/posts\/14653\/revisions\/14655"}],"wp:featuredmedia":[{"embeddable":true,"href":"https:\/\/ladepeche.mr\/index.php?rest_route=\/wp\/v2\/media\/14654"}],"wp:attachment":[{"href":"https:\/\/ladepeche.mr\/index.php?rest_route=%2Fwp%2Fv2%2Fmedia&parent=14653"}],"wp:term":[{"taxonomy":"category","embeddable":true,"href":"https:\/\/ladepeche.mr\/index.php?rest_route=%2Fwp%2Fv2%2Fcategories&post=14653"},{"taxonomy":"post_tag","embeddable":true,"href":"https:\/\/ladepeche.mr\/index.php?rest_route=%2Fwp%2Fv2%2Ftags&post=14653"}],"curies":[{"name":"wp","href":"https:\/\/api.w.org\/{rel}","templated":true}]}}