{"id":14663,"date":"2025-03-20T00:58:34","date_gmt":"2025-03-20T00:58:34","guid":{"rendered":"https:\/\/ladepeche.mr\/?p=14663"},"modified":"2025-03-20T00:58:34","modified_gmt":"2025-03-20T00:58:34","slug":"communique-du-conseil-des-ministres-du-mercredi-19-mars-2025","status":"publish","type":"post","link":"https:\/\/ladepeche.mr\/?p=14663","title":{"rendered":"Communiqu\u00e9 du Conseil des Ministres du mercredi 19 mars 2025"},"content":{"rendered":"<p>Le Conseil des Ministres s\u2019est r\u00e9uni le mercredi 19 mars 2025, sous la Pr\u00e9sidence de Son Excellence Monsieur Mohamed Ould Cheikh El-Ghazouani, Pr\u00e9sident de la R\u00e9publique.<\/p>\n<p>Le Conseil a examin\u00e9 et adopt\u00e9 les projets de d\u00e9crets suivants :<\/p>\n<p>\u2010 Projet de d\u00e9cret portant application de la loi n\u00b0 2024-046 du 24 d\u00e9cembre 2024 abrogeant et rempla\u00e7ant la loi n\u00b0 2018-033 du 08 ao\u00fbt 2018 portant statut de la Police Nationale.<\/p>\n<p>Ce projet de d\u00e9cret a pour objet l\u2019application de la loi n\u00b0 2024-046 du 24 d\u00e9cembre 2024, portant statut de la Police Nationale.<\/p>\n<p>Ainsi, le projet de d\u00e9cret apporte des clarifications sur certaines dispositions de la loi, notamment :<\/p>\n<p>\u2010 La d\u00e9finition des modalit\u00e9s d\u2019acc\u00e8s et de formation des officiers et agents de police. L\u2019acc\u00e8s au corps des officiers de police est r\u00e9serv\u00e9 exclusivement aux inspecteurs ayant obtenu un baccalaur\u00e9at et suivi une formation de trois (3) ans \u00e0 l\u2019Ecole Nationale de Police, sanctionn\u00e9e par l\u2019obtention d\u2019une licence en sciences de la s\u00e9curit\u00e9 et du droit.<\/p>\n<p>\u2010 La Cr\u00e9ation d\u2019une commission des avancements avec la d\u00e9finition de son organisation et de ses attributions.<\/p>\n<p>\u2010 La d\u00e9limitation des comp\u00e9tences et des proc\u00e9dures organisationnelles des cadres g\u00e9n\u00e9raux et techniques de la Police Nationale en mati\u00e8re d\u2019attributions, d\u2019avancements et de grades sp\u00e9cifiques \u00e0 chaque rang, ainsi que les modalit\u00e9s et conditions de passation d\u2019un grade \u00e0 un autre et de la transition des sous-officiers vers le corps des officiers.<\/p>\n<p>\u2010 La d\u00e9termination des conditions de recrutement, de formation et de titularisation dans les grades des cadres g\u00e9n\u00e9raux et techniques de la Police Nationale.<\/p>\n<p>\u2010 La limitation de l\u2019acc\u00e8s au corps des officiers du cadre technique \u00e0 partir du grade d\u2019inspecteur principal apr\u00e8s la r\u00e9ussite au concours direct,<\/p>\n<p>\u2010 La modification de certaines dispositions relatives au Conseil de discipline, notamment l\u2019augmentation du nombre des membres et leur d\u00e9signation selon les fonctions qu\u2019ils occupent.<\/p>\n<p>\u2010 Projet de d\u00e9cret portant nomination du Pr\u00e9sident du Conseil d\u2019Administration de l\u2019Etablissement National des Awquafs<\/p>\n<p>\u2010 Projet de d\u00e9cret portant nomination du Pr\u00e9sident du Conseil d\u2019Administration du Centre National de lutte Antiacridienne (CNLA).<\/p>\n<p>\u2010 Projet de d\u00e9cret portant r\u00e8glementation des salles de spectacles.<\/p>\n<p>Ce projet de d\u00e9cret portant r\u00e9glementation des salles de spectacles a pour objectif de combler un vide juridique en pr\u00e9cisant les conditions requises pour l\u2019obtention de l\u2019autorisation d\u2019exploitation et les principaux crit\u00e8res exig\u00e9s dans toute salle pour exercer l\u2019activit\u00e9.<\/p>\n<p>Le projet de d\u00e9cret traite \u00e9galement du devoir de pr\u00e9server la tranquillit\u00e9 et le confort des citoyens, en fixant une limite au temps d\u2019utilisation des \u00e9quipements d\u2019amplification sonore, aux rassemblements du public ; en interdisant l\u2019exploitation de ces salles pour toute activit\u00e9 incompatible avec notre sainte religion et les bonnes m\u0153urs de notre soci\u00e9t\u00e9, susceptible de porter pr\u00e9judice \u00e0 notre unit\u00e9 nationale, ou pour la tenue de toute r\u00e9union de caract\u00e8re tribal, ethnique ou r\u00e9gionaliste.<\/p>\n<p>Par ailleurs, le projet de d\u00e9cret pr\u00e9voit, avant sa publication, de donner l\u2019opportunit\u00e9 \u00e0 toutes les salles de spectacles existantes de pouvoir s\u2019adapter \u00e0 ces nouvelles exigences, en leur accordant un d\u00e9lai de cinq mois pour prendre les mesures n\u00e9cessaires afin de se conformer aux dispositions de ce d\u00e9cret.<\/p>\n<p>\u2013 Projet de d\u00e9cret portant nomination du Pr\u00e9sident du Conseil d\u2019Administration de la Soci\u00e9t\u00e9 Nationale de Transport Public.<\/p>\n<p>Le Ministre charg\u00e9 du Secr\u00e9tariat G\u00e9n\u00e9ral du Gouvernement a pr\u00e9sent\u00e9 une communication relative \u00e0 l\u2019\u00e9volution du portefeuille des grands march\u00e9s pour la p\u00e9riode allant du 1er novembre 2024 au 28 f\u00e9vrier 2025.<\/p>\n<p>La pr\u00e9sente communication entre dans le cadre du m\u00e9canisme de suivi m\u00e9thodique et rapproch\u00e9 des grands projets et programmes de d\u00e9veloppement initi\u00e9 sur instruction de SEM le Pr\u00e9sident de la R\u00e9publique Mohamed Ould Cheikh El Ghazouany en septembre 2023 dans le but d\u2019en am\u00e9liorer l\u2019ex\u00e9cution. Elle vise \u00e0 informer le Gouvernement sur l\u2019\u00e9tat d\u2019avancement des march\u00e9s contract\u00e9s dans le cadre de l\u2019ex\u00e9cution de ces projets et programmes.<\/p>\n<p>Elle concerne un portefeuille de 106 projets dits de \u00ab Grands March\u00e9s \u00bb, suivis r\u00e9guli\u00e8rement, dont le montant est sup\u00e9rieur \u00e0 80 Millions MRU par projet et totalisant un montant global de 50,2 Milliards d\u2019Ouguiyas.<\/p>\n<p>Le rythme d\u2019ex\u00e9cution du portefeuille a enregistr\u00e9 en f\u00e9vrier 2025 un avancement mensuel moyen de 3,58 points alors qu\u2019il \u00e9tait de 11,21 points au cours des quatre derniers mois.<\/p>\n<p>L\u2019int\u00e9gration du Programme Prioritaire de D\u00e9veloppement de la Ville de Nouakchott lanc\u00e9 le 20 janvier 2025, a permis d\u2019am\u00e9liorer le taux d\u2019avancement global pour le mois de f\u00e9vrier 2025 et de montrer que les services comp\u00e9tents dans les d\u00e9partements minist\u00e9riels \u00e9taient capables de r\u00e9aliser de bonnes performances dans les phases de pr\u00e9paration, de passation et de d\u00e9marrage. Il faudrait maintenant maintenir un niveau de performance similaire durant les mois \u00e0 venir.<\/p>\n<p>Le Ministre des Affaires Etrang\u00e8res, de la Coop\u00e9ration Africaine et des Mauritaniens de l\u2019Ext\u00e9rieur, a pr\u00e9sent\u00e9 une communication relative \u00e0 la situation internationale.<\/p>\n<p>Le Ministre de l\u2019Int\u00e9rieur, de la Promotion de la D\u00e9centralisation et du D\u00e9veloppement Local a pr\u00e9sent\u00e9 une communication relative \u00e0 la situation int\u00e9rieure.<\/p>\n<p>Enfin, le Conseil a pris les deux mesures individuelles suivantes :<\/p>\n<p>Minist\u00e8re de la Sant\u00e9<\/p>\n<p>Etablissements Publics<\/p>\n<p>Institut National d\u2019H\u00e9pato\u2013Virologie<\/p>\n<p>\u2010 Directeur G\u00e9n\u00e9ral : Dr Wolo Coulibaly<\/p>\n<p>Minist\u00e8re des Mines et de l\u2019Industrie<\/p>\n<p>\u00c9tablissements Publics<\/p>\n<p>Office National de Normalisation et de M\u00e9trologie (ONANOR)<\/p>\n<p>\u2010 Directeur G\u00e9n\u00e9ral Adjoint : Mohamed Lemine OULD CHAMEKH, Docteur en physico-chimie de Mat\u00e9riaux, Cadre au Minist\u00e8re des Mines et de l\u2019Industrie.<\/p>\n<p>Ami<\/p>\n","protected":false},"excerpt":{"rendered":"<p>Le Conseil des Ministres s\u2019est r\u00e9uni le mercredi 19 mars 2025, sous la Pr\u00e9sidence de Son Excellence Monsieur Mohamed Ould Cheikh El-Ghazouani, Pr\u00e9sident de la R\u00e9publique. Le Conseil a examin\u00e9 et adopt\u00e9 les projets de d\u00e9crets suivants : \u2010 Projet de d\u00e9cret portant application de la loi n\u00b0 2024-046 du 24 d\u00e9cembre 2024 abrogeant et &hellip;<\/p>\n","protected":false},"author":2,"featured_media":12406,"comment_status":"open","ping_status":"open","sticky":false,"template":"","format":"standard","meta":{"footnotes":""},"categories":[18,31],"tags":[],"class_list":["post-14663","post","type-post","status-publish","format-standard","has-post-thumbnail","hentry","category-actualites","category-politique-et-reportages"],"_links":{"self":[{"href":"https:\/\/ladepeche.mr\/index.php?rest_route=\/wp\/v2\/posts\/14663","targetHints":{"allow":["GET"]}}],"collection":[{"href":"https:\/\/ladepeche.mr\/index.php?rest_route=\/wp\/v2\/posts"}],"about":[{"href":"https:\/\/ladepeche.mr\/index.php?rest_route=\/wp\/v2\/types\/post"}],"author":[{"embeddable":true,"href":"https:\/\/ladepeche.mr\/index.php?rest_route=\/wp\/v2\/users\/2"}],"replies":[{"embeddable":true,"href":"https:\/\/ladepeche.mr\/index.php?rest_route=%2Fwp%2Fv2%2Fcomments&post=14663"}],"version-history":[{"count":1,"href":"https:\/\/ladepeche.mr\/index.php?rest_route=\/wp\/v2\/posts\/14663\/revisions"}],"predecessor-version":[{"id":14664,"href":"https:\/\/ladepeche.mr\/index.php?rest_route=\/wp\/v2\/posts\/14663\/revisions\/14664"}],"wp:featuredmedia":[{"embeddable":true,"href":"https:\/\/ladepeche.mr\/index.php?rest_route=\/wp\/v2\/media\/12406"}],"wp:attachment":[{"href":"https:\/\/ladepeche.mr\/index.php?rest_route=%2Fwp%2Fv2%2Fmedia&parent=14663"}],"wp:term":[{"taxonomy":"category","embeddable":true,"href":"https:\/\/ladepeche.mr\/index.php?rest_route=%2Fwp%2Fv2%2Fcategories&post=14663"},{"taxonomy":"post_tag","embeddable":true,"href":"https:\/\/ladepeche.mr\/index.php?rest_route=%2Fwp%2Fv2%2Ftags&post=14663"}],"curies":[{"name":"wp","href":"https:\/\/api.w.org\/{rel}","templated":true}]}}