{"id":14665,"date":"2025-03-20T17:49:28","date_gmt":"2025-03-20T17:49:28","guid":{"rendered":"https:\/\/ladepeche.mr\/?p=14665"},"modified":"2025-03-20T17:49:28","modified_gmt":"2025-03-20T17:49:28","slug":"lancement-des-ateliers-regionaux-sur-la-diversite-culturelle-en-mauritanie","status":"publish","type":"post","link":"https:\/\/ladepeche.mr\/?p=14665","title":{"rendered":"Lancement des ateliers r\u00e9gionaux sur la diversit\u00e9 culturelle en Mauritanie"},"content":{"rendered":"<p>Le ministre de la Culture, des Arts, de la Communication et des Relations avec le Parlement, Porte-parole du Gouvernement, M. El Houssein Ould Meddou, a pr\u00e9sid\u00e9 la c\u00e9r\u00e9monie de lancement des ateliers r\u00e9gionaux sur la diversit\u00e9 culturelle en Mauritanie, organis\u00e9s par l\u2019Office National des Mus\u00e9es, dans le cadre du Projet de Renforcement des Mus\u00e9es Nationaux, en coop\u00e9ration avec l\u2019Agence Espagnole de Coop\u00e9ration. Ce projet vise \u00e0 soutenir les initiatives culturelles locales et \u00e0 favoriser le sentiment d\u2019appartenance \u00e0 travers la cr\u00e9ation de mus\u00e9es sp\u00e9cialis\u00e9s, comme le Mus\u00e9e de Ka\u00e9di, et la cr\u00e9ation d\u2019espaces de dialogue entre les parties prenantes pour renforcer la coh\u00e9sion sociale et permettre aux industries culturelles et cr\u00e9atives de contribuer au d\u00e9veloppement \u00e9conomique et social.<\/p>\n<p>Au cours d\u2019une journ\u00e9e compl\u00e8te, les participants suivront des expos\u00e9s sur les objectifs et les \u00e9tapes du projet, l\u2019Office du Mus\u00e9e national et le r\u00f4le des cr\u00e9ateurs et des acteurs culturels dans la promotion du Mus\u00e9e national.<\/p>\n<p>Dans son discours prononc\u00e9 \u00e0 cette occasion, le ministre de la Culture a d\u00e9clar\u00e9 que nous vivons aujourd\u2019hui dans un monde de plus en plus diversifi\u00e9 et interconnect\u00e9, o\u00f9 la culture repr\u00e9sente le pont qui relie les diff\u00e9rentes composantes de la soci\u00e9t\u00e9.<\/p>\n<p>Elle promeut les valeurs de compr\u00e9hension et de respect mutuel, sources de force que nous devons pr\u00e9server et d\u00e9velopper. Elle n\u2019est pas seulement un h\u00e9ritage du pass\u00e9, mais aussi un point de d\u00e9part solide pour construire l\u2019avenir.<\/p>\n<p>Il a ajout\u00e9 que Son Excellence le Pr\u00e9sident de la R\u00e9publique, M. Ould Cheikh El Ghazouani, a exhort\u00e9 les pouvoirs publics \u00e0 tout mettre en \u0153uvre pour promouvoir la diversit\u00e9 culturelle du pays comme moyen de renforcer l\u2019unit\u00e9 nationale, en r\u00e9ponse \u00e0 l\u2019appel de Di\u00e9ol.<\/p>\n<p>Le ministre a soulign\u00e9 que le d\u00e9partement de la Culture est charg\u00e9 de soutenir ces efforts par des politiques et des programmes concrets favorisant l\u2019int\u00e9gration sociale et prot\u00e9geant la diversit\u00e9 culturelle en tant que ressource nationale.<\/p>\n<p>Il a \u00e9galement insist\u00e9 sur la n\u00e9cessit\u00e9 de partenariats entre tous les acteurs du secteur culturel, qu\u2019ils soient issus des secteurs public et priv\u00e9 ou de la soci\u00e9t\u00e9 civile.<\/p>\n<p>Pour sa part, le directeur g\u00e9n\u00e9ral de l\u2019Office national des mus\u00e9es, M. Mohamed Mahmoud Ould Be Ould Ne, a soulign\u00e9 que la diversit\u00e9 linguistique de notre pays est l\u2019une des manifestations les plus marquantes de sa richesse. Elle n\u2019est pas seulement un outil de communication, mais aussi le vecteur d\u2019une identit\u00e9 riche, de traditions h\u00e9rit\u00e9es et d\u2019une sagesse transmise de g\u00e9n\u00e9ration en g\u00e9n\u00e9ration.<\/p>\n<p>Il a indiqu\u00e9 que la situation g\u00e9ographique de la Mauritanie en fait un carrefour de civilisations et un espace de pluralisme, notant que depuis des si\u00e8cles, divers groupes de population cohabitent sur cette terre, notamment les Arabes, les Sonink\u00e9s, les Halpulaars et les Wolofs, qui ont chacun contribu\u00e9, par leur mode de vie, leur langue et leurs arts, \u00e0 fa\u00e7onner l\u2019identit\u00e9 mauritanienne dont ils sont fiers aujourd\u2019hui.<\/p>\n<p>M. Ould Be Ould Ne a soulign\u00e9 la n\u00e9cessit\u00e9 de promouvoir une culture de respect mutuel et d\u2019acceptation d\u2019autrui, de lutter contre les pr\u00e9jug\u00e9s, de r\u00e9duire les disparit\u00e9s et de garantir l\u2019\u00e9galit\u00e9 des chances pour toutes les franges de la soci\u00e9t\u00e9 en investissant dans l\u2019\u00e9ducation.<\/p>\n<p>Une telle d\u00e9marche permettra \u00e0 nos enfants de grandir en appr\u00e9ciant la diversit\u00e9 et en c\u00e9l\u00e9brant nos diff\u00e9rences, tout en consolidant notre identit\u00e9 nationale unificatrice.<\/p>\n<p>En ce qui le concerne, le Premier conseiller de l\u2019ambassade d\u2019Espagne, M. Luis Maria Garc\u00eda de Lomas Tapia, a d\u00e9clar\u00e9 que cette diversit\u00e9 culturelle repr\u00e9sente une richesse qui, n\u2019est pas seulement un t\u00e9moignage du pass\u00e9, mais aussi un moteur de d\u00e9veloppement \u00e9conomique et social.<\/p>\n<p>Ce projet contribuera, poursuit-il, \u00e0 soutenir l\u2019Office national des mus\u00e9es et le Mus\u00e9e national de Nouakchott.<\/p>\n<p>Il a soulign\u00e9 que de telles rencontres visent \u00e0 explorer le r\u00f4le essentiel de la culture dans la r\u00e9alisation du d\u00e9veloppement durable et \u00e0 encourager en permanence la cr\u00e9ativit\u00e9 au sein de cette diversit\u00e9.<\/p>\n<p>Ces ateliers concerneront plusieurs villes de l\u2019int\u00e9rieur du pays, \u00e0 savoir Ka\u00e9di, Rosso, Kiffa et Nouadhibou.<\/p>\n<p>L\u2019ouverture s\u2019est d\u00e9roul\u00e9e en pr\u00e9sence du secr\u00e9taire g\u00e9n\u00e9ral par int\u00e9rim du minist\u00e8re de la Culture, Yahya Ould Ahmedou, des repr\u00e9sentants du programme de coop\u00e9ration espagnole et d\u2019un certain nombre de responsables du minist\u00e8re.<\/p>\n<p>Ami<\/p>\n","protected":false},"excerpt":{"rendered":"<p>Le ministre de la Culture, des Arts, de la Communication et des Relations avec le Parlement, Porte-parole du Gouvernement, M. El Houssein Ould Meddou, a pr\u00e9sid\u00e9 la c\u00e9r\u00e9monie de lancement des ateliers r\u00e9gionaux sur la diversit\u00e9 culturelle en Mauritanie, organis\u00e9s par l\u2019Office National des Mus\u00e9es, dans le cadre du Projet de Renforcement des Mus\u00e9es Nationaux, &hellip;<\/p>\n","protected":false},"author":2,"featured_media":14666,"comment_status":"open","ping_status":"open","sticky":false,"template":"","format":"standard","meta":{"footnotes":""},"categories":[18,15],"tags":[],"class_list":["post-14665","post","type-post","status-publish","format-standard","has-post-thumbnail","hentry","category-actualites","category-culture"],"_links":{"self":[{"href":"https:\/\/ladepeche.mr\/index.php?rest_route=\/wp\/v2\/posts\/14665","targetHints":{"allow":["GET"]}}],"collection":[{"href":"https:\/\/ladepeche.mr\/index.php?rest_route=\/wp\/v2\/posts"}],"about":[{"href":"https:\/\/ladepeche.mr\/index.php?rest_route=\/wp\/v2\/types\/post"}],"author":[{"embeddable":true,"href":"https:\/\/ladepeche.mr\/index.php?rest_route=\/wp\/v2\/users\/2"}],"replies":[{"embeddable":true,"href":"https:\/\/ladepeche.mr\/index.php?rest_route=%2Fwp%2Fv2%2Fcomments&post=14665"}],"version-history":[{"count":1,"href":"https:\/\/ladepeche.mr\/index.php?rest_route=\/wp\/v2\/posts\/14665\/revisions"}],"predecessor-version":[{"id":14667,"href":"https:\/\/ladepeche.mr\/index.php?rest_route=\/wp\/v2\/posts\/14665\/revisions\/14667"}],"wp:featuredmedia":[{"embeddable":true,"href":"https:\/\/ladepeche.mr\/index.php?rest_route=\/wp\/v2\/media\/14666"}],"wp:attachment":[{"href":"https:\/\/ladepeche.mr\/index.php?rest_route=%2Fwp%2Fv2%2Fmedia&parent=14665"}],"wp:term":[{"taxonomy":"category","embeddable":true,"href":"https:\/\/ladepeche.mr\/index.php?rest_route=%2Fwp%2Fv2%2Fcategories&post=14665"},{"taxonomy":"post_tag","embeddable":true,"href":"https:\/\/ladepeche.mr\/index.php?rest_route=%2Fwp%2Fv2%2Ftags&post=14665"}],"curies":[{"name":"wp","href":"https:\/\/api.w.org\/{rel}","templated":true}]}}