{"id":14668,"date":"2025-03-20T18:30:55","date_gmt":"2025-03-20T18:30:55","guid":{"rendered":"https:\/\/ladepeche.mr\/?p=14668"},"modified":"2025-03-20T17:58:49","modified_gmt":"2025-03-20T17:58:49","slug":"la-mauritanie-condamne-la-tentative-dassassinat-du-president-de-la-republique-federale-de-somalie","status":"publish","type":"post","link":"https:\/\/ladepeche.mr\/?p=14668","title":{"rendered":"La Mauritanie condamne la tentative d\u2019assassinat du Pr\u00e9sident de la R\u00e9publique F\u00e9d\u00e9rale de Somalie"},"content":{"rendered":"<article id=\"post-267428\" class=\"post-267428 post type-post status-publish format-standard has-post-thumbnail  category-a-la-une category-fil-dactualite category-25 single-post-content has-thumbnail\">\n<div class=\"entry-content clearfix single-post-content\">\n<div class=\"cell auto-size\">\n<div class=\"set-border bd-gray padding10 margin10 no-margin-right no-margin-left \" dir=\"ltr\">\n<p>La R\u00e9publique Islamique de Mauritanie a condamn\u00e9 la tentative d\u2019assassinat du Pr\u00e9sident Hassan Cheikh Mahmoud, pr\u00e9sident de la R\u00e9publique F\u00e9d\u00e9rale de Somalie dans la capitale Mogadiscio.<\/p>\n<p>Le minist\u00e8re des Affaires \u00e9trang\u00e8res, de la Coop\u00e9ration africaine et des Mauritaniens de l\u2019\u00e9tranger a r\u00e9it\u00e9r\u00e9, dans un communiqu\u00e9 publi\u00e9 mercredi et dont l\u2019Agence Mauritanienne d\u2019Information a re\u00e7u une copie, la solidarit\u00e9 de la R\u00e9publique islamique de Mauritanie avec la R\u00e9publique s\u0153ur de Somalie face \u00e0 cette l\u00e2che tentative d\u2019assassinat du pr\u00e9sident Hassan Cheikh Mahmoud, ainsi que sa condamnation de tous les actes terroristes qui portent atteinte \u00e0 la s\u00e9curit\u00e9 et \u00e0 la stabilit\u00e9 de la Somalie.<\/p>\n<p>Le minist\u00e8re a exprim\u00e9 ses plus sinc\u00e8res condol\u00e9ances et sa sympathie aux familles des victimes et a souhait\u00e9 prompt r\u00e9tablissement aux bless\u00e9s.<\/p>\n<\/div>\n<\/div>\n<div class=\"heateorSssClear\">Ami<\/div>\n<\/div>\n<\/article>\n","protected":false},"excerpt":{"rendered":"<p>La R\u00e9publique Islamique de Mauritanie a condamn\u00e9 la tentative d\u2019assassinat du Pr\u00e9sident Hassan Cheikh Mahmoud, pr\u00e9sident de la R\u00e9publique F\u00e9d\u00e9rale de Somalie dans la capitale Mogadiscio. Le minist\u00e8re des Affaires \u00e9trang\u00e8res, de la Coop\u00e9ration africaine et des Mauritaniens de l\u2019\u00e9tranger a r\u00e9it\u00e9r\u00e9, dans un communiqu\u00e9 publi\u00e9 mercredi et dont l\u2019Agence Mauritanienne d\u2019Information a re\u00e7u une &hellip;<\/p>\n","protected":false},"author":2,"featured_media":12224,"comment_status":"open","ping_status":"open","sticky":false,"template":"","format":"standard","meta":{"footnotes":""},"categories":[18,29],"tags":[],"class_list":["post-14668","post","type-post","status-publish","format-standard","has-post-thumbnail","hentry","category-actualites","category-monde"],"_links":{"self":[{"href":"https:\/\/ladepeche.mr\/index.php?rest_route=\/wp\/v2\/posts\/14668","targetHints":{"allow":["GET"]}}],"collection":[{"href":"https:\/\/ladepeche.mr\/index.php?rest_route=\/wp\/v2\/posts"}],"about":[{"href":"https:\/\/ladepeche.mr\/index.php?rest_route=\/wp\/v2\/types\/post"}],"author":[{"embeddable":true,"href":"https:\/\/ladepeche.mr\/index.php?rest_route=\/wp\/v2\/users\/2"}],"replies":[{"embeddable":true,"href":"https:\/\/ladepeche.mr\/index.php?rest_route=%2Fwp%2Fv2%2Fcomments&post=14668"}],"version-history":[{"count":1,"href":"https:\/\/ladepeche.mr\/index.php?rest_route=\/wp\/v2\/posts\/14668\/revisions"}],"predecessor-version":[{"id":14669,"href":"https:\/\/ladepeche.mr\/index.php?rest_route=\/wp\/v2\/posts\/14668\/revisions\/14669"}],"wp:featuredmedia":[{"embeddable":true,"href":"https:\/\/ladepeche.mr\/index.php?rest_route=\/wp\/v2\/media\/12224"}],"wp:attachment":[{"href":"https:\/\/ladepeche.mr\/index.php?rest_route=%2Fwp%2Fv2%2Fmedia&parent=14668"}],"wp:term":[{"taxonomy":"category","embeddable":true,"href":"https:\/\/ladepeche.mr\/index.php?rest_route=%2Fwp%2Fv2%2Fcategories&post=14668"},{"taxonomy":"post_tag","embeddable":true,"href":"https:\/\/ladepeche.mr\/index.php?rest_route=%2Fwp%2Fv2%2Ftags&post=14668"}],"curies":[{"name":"wp","href":"https:\/\/api.w.org\/{rel}","templated":true}]}}