{"id":14676,"date":"2025-03-20T22:00:55","date_gmt":"2025-03-20T22:00:55","guid":{"rendered":"https:\/\/ladepeche.mr\/?p=14676"},"modified":"2025-03-20T22:00:55","modified_gmt":"2025-03-20T22:00:55","slug":"lancement-des-travaux-du-comite-de-pilotage-du-projet-jeunesse-culture-et-sports","status":"publish","type":"post","link":"https:\/\/ladepeche.mr\/?p=14676","title":{"rendered":"Lancement des travaux du Comit\u00e9 de Pilotage du Projet Jeunesse, Culture et Sports"},"content":{"rendered":"<p>Le Secr\u00e9taire g\u00e9n\u00e9ral du Minist\u00e8re de l&#8217;Economie et des Finances, M. Yacoub Ahmed Aicha, a pr\u00e9sid\u00e9 jeudi \u00e0 Nouakchott la premi\u00e8re r\u00e9union du Comit\u00e9 de Pilotage du Projet Jeunesse, Culture et Sports.<\/p>\n<p>Ce programme concr\u00e9tise l&#8217;engagement des autorit\u00e9s \u00e0 soutenir l&#8217;inclusion sociale \u00e0 travers la modernisation des infrastructures culturelles et sportives.<\/p>\n<p>Dans un discours prononc\u00e9 \u00e0 cette occasion, le secr\u00e9taire g\u00e9n\u00e9ral du minist\u00e8re de l&#8217;\u00e9conomie et des finances a expliqu\u00e9 que ce programme s&#8217;inscrit dans une strat\u00e9gie nationale visant \u00e0 moderniser les infrastructures destin\u00e9es aux jeunes.<\/p>\n<p>&#8220;Le projet est un levier essentiel pour promouvoir l&#8217;inclusion sociale et le d\u00e9veloppement \u00e9conomique en cr\u00e9ant des opportunit\u00e9s d&#8217;emploi directes et indirectes, en impliquant les jeunes, les acteurs culturels et sportifs, et en favorisant la coh\u00e9sion sociale&#8221;, a-t-il ajout\u00e9.<\/p>\n<p>Il a soulign\u00e9 que ce projet est une \u00e9tape majeure vers un d\u00e9veloppement plus inclusif et dynamique, o\u00f9 notre jeunesse peut jouer pleinement son r\u00f4le de moteur de la croissance et de la coh\u00e9sion sociale.<\/p>\n<p>Le secr\u00e9taire g\u00e9n\u00e9ral a exprim\u00e9 sa profonde gratitude \u00e0 la France pour son soutien continu, par l&#8217;interm\u00e9diaire de l&#8217;Agence fran\u00e7aise de d\u00e9veloppement (AFD), car ce partenariat refl\u00e8te les relations fortes et historiques entre les deux pays.<\/p>\n<p>La r\u00e9union s&#8217;est d\u00e9roul\u00e9e en pr\u00e9sence du Secr\u00e9taire g\u00e9n\u00e9ral du Minist\u00e8re de l&#8217;Autonomisation des jeunes, de l&#8217;Emploi, des Sports et du Service civique , du directeur de l&#8217;AFD et d&#8217;un repr\u00e9sentant de l&#8217;Ambassade de France \u00e0 Nouakchott.<\/p>\n<p>MEF<\/p>\n","protected":false},"excerpt":{"rendered":"<p>Le Secr\u00e9taire g\u00e9n\u00e9ral du Minist\u00e8re de l&#8217;Economie et des Finances, M. Yacoub Ahmed Aicha, a pr\u00e9sid\u00e9 jeudi \u00e0 Nouakchott la premi\u00e8re r\u00e9union du Comit\u00e9 de Pilotage du Projet Jeunesse, Culture et Sports. Ce programme concr\u00e9tise l&#8217;engagement des autorit\u00e9s \u00e0 soutenir l&#8217;inclusion sociale \u00e0 travers la modernisation des infrastructures culturelles et sportives. Dans un discours prononc\u00e9 &hellip;<\/p>\n","protected":false},"author":2,"featured_media":14671,"comment_status":"open","ping_status":"open","sticky":false,"template":"","format":"standard","meta":{"footnotes":""},"categories":[18],"tags":[],"class_list":["post-14676","post","type-post","status-publish","format-standard","has-post-thumbnail","hentry","category-actualites"],"_links":{"self":[{"href":"https:\/\/ladepeche.mr\/index.php?rest_route=\/wp\/v2\/posts\/14676","targetHints":{"allow":["GET"]}}],"collection":[{"href":"https:\/\/ladepeche.mr\/index.php?rest_route=\/wp\/v2\/posts"}],"about":[{"href":"https:\/\/ladepeche.mr\/index.php?rest_route=\/wp\/v2\/types\/post"}],"author":[{"embeddable":true,"href":"https:\/\/ladepeche.mr\/index.php?rest_route=\/wp\/v2\/users\/2"}],"replies":[{"embeddable":true,"href":"https:\/\/ladepeche.mr\/index.php?rest_route=%2Fwp%2Fv2%2Fcomments&post=14676"}],"version-history":[{"count":1,"href":"https:\/\/ladepeche.mr\/index.php?rest_route=\/wp\/v2\/posts\/14676\/revisions"}],"predecessor-version":[{"id":14677,"href":"https:\/\/ladepeche.mr\/index.php?rest_route=\/wp\/v2\/posts\/14676\/revisions\/14677"}],"wp:featuredmedia":[{"embeddable":true,"href":"https:\/\/ladepeche.mr\/index.php?rest_route=\/wp\/v2\/media\/14671"}],"wp:attachment":[{"href":"https:\/\/ladepeche.mr\/index.php?rest_route=%2Fwp%2Fv2%2Fmedia&parent=14676"}],"wp:term":[{"taxonomy":"category","embeddable":true,"href":"https:\/\/ladepeche.mr\/index.php?rest_route=%2Fwp%2Fv2%2Fcategories&post=14676"},{"taxonomy":"post_tag","embeddable":true,"href":"https:\/\/ladepeche.mr\/index.php?rest_route=%2Fwp%2Fv2%2Ftags&post=14676"}],"curies":[{"name":"wp","href":"https:\/\/api.w.org\/{rel}","templated":true}]}}