{"id":14686,"date":"2025-03-22T22:03:21","date_gmt":"2025-03-22T22:03:21","guid":{"rendered":"https:\/\/ladepeche.mr\/?p=14686"},"modified":"2025-03-22T22:03:21","modified_gmt":"2025-03-22T22:03:21","slug":"la-premiere-dame-supervise-le-lancement-de-la-12eme-edition-du-festival-leyali-el-medh","status":"publish","type":"post","link":"https:\/\/ladepeche.mr\/?p=14686","title":{"rendered":"La Premi\u00e8re Dame supervise le lancement de la 12\u00e8me \u00e9dition du Festival Leyali el Medh"},"content":{"rendered":"<article id=\"post-267572\" class=\"post-267572 post type-post status-publish format-standard has-post-thumbnail  category-fil-dactualite category-mauritanie category-slider-afficher category-slider-mauritanie single-post-content has-thumbnail\">\n<div class=\"entry-content clearfix single-post-content\">\n<p>La Premi\u00e8re Dame, Dr. Mariem Mohamed Fadel Dah, a supervis\u00e9, vendredi soir, le lancement de la 12\u00e8me \u00e9dition du Festival \u201cLeyali el Medh\u201d (Nuits de Louange), organis\u00e9 par le Centre des Arts Populaires du Taranim et baptis\u00e9 cette ann\u00e9e du nom du journaliste Mohamed Fall Ould Oumer, au stade Cheikha Boidiya.<\/p>\n<p><img loading=\"lazy\" decoding=\"async\" class=\"wp-image-267575 alignleft b-loaded\" src=\"https:\/\/ami.mr\/fr\/wp-content\/uploads\/2025\/03\/1111-217x300.jpg\" sizes=\"auto, (max-width: 159px) 100vw, 159px\" srcset=\"https:\/\/ami.mr\/fr\/wp-content\/uploads\/2025\/03\/1111-217x300.jpg 217w, https:\/\/ami.mr\/fr\/wp-content\/uploads\/2025\/03\/1111-739x1024.jpg 739w, https:\/\/ami.mr\/fr\/wp-content\/uploads\/2025\/03\/1111-768x1064.jpg 768w, https:\/\/ami.mr\/fr\/wp-content\/uploads\/2025\/03\/1111-1109x1536.jpg 1109w, https:\/\/ami.mr\/fr\/wp-content\/uploads\/2025\/03\/1111-1479x2048.jpg 1479w, https:\/\/ami.mr\/fr\/wp-content\/uploads\/2025\/03\/1111-scaled.jpg 1849w\" alt=\"\" width=\"159\" height=\"219\" \/>Dans le discours qu\u2019il a prononc\u00e9 \u00e0 cette occasion, le Ministre de la Culture, des Arts, de la Communication et des Relations avec le Parlement, Porte-parole du Gouvernement, M. El Houssein Ould Medou, a exprim\u00e9 ses sinc\u00e8res remerciements \u00e0 la Premi\u00e8re Dame pour sa participation \u00e0 cette noble manifestation culturelle et religieuse, elle qui soutient et valorise toujours toutes les initiatives \u00e0 caract\u00e8re culturel et national.<\/p>\n<p>Il a expliqu\u00e9 que les objectifs du Festival des Nuits de Louange s\u2019inscrivent au c\u0153ur de la vision de Son Excellence le Pr\u00e9sident de la R\u00e9publique, Mohamed Ould Cheikh El-Ghazouani, pour la culture et le patrimoine, pour glorifier les rites religieux, consolider l\u2019amour du Proph\u00e8te (PSL) et c\u00e9l\u00e9brer sa Sira (vie).<\/p>\n<p>Il a soulign\u00e9 que le gouvernement de S.E le Premier ministre Moctar Ould Djay d\u00e9ploie de s\u00e9rieux efforts pour traduire cette vision en pratique \u00e0 travers un ensemble de politiques et de strat\u00e9gies.<\/p>\n<p>Le ministre a d\u00e9clar\u00e9 que l\u2019\u00e9loge du Proph\u00e8te (PSL) n\u2019\u00e9tait pas seulement des mots chant\u00e9s par des artistes ou des po\u00e8mes ; c\u2019\u00e9tait une manifestation d\u2019amour sinc\u00e8re, un moyen d\u2019\u00e9voquer la grandeur du Saint Proph\u00e8te (PSL), de raviver l\u2019amour que les musulmans ont pour lui dans les c\u0153urs, et d\u2019attirer sa lumi\u00e8re sur une humanit\u00e9 qui a profit\u00e9 de ses vertus.<\/p>\n<p>Le ministre de la culture, des arts, de la communication et des relations avec le Parlement a soulign\u00e9 que l\u2019\u00e9loge, ou medh, n\u2019\u00e9tait pas une simple r\u00e9citation de mots, mais une \u00e9cole spirituelle et \u00e9ducative, gr\u00e2ce \u00e0 laquelle les g\u00e9n\u00e9rations \u00e9taient impr\u00e9gn\u00e9es de l\u2019amour du Proph\u00e8te (paix et salut sur lui) et de sa morale et de ses vertus.<\/p>\n<p>Il a soulign\u00e9 que la p\u00e9rennisation du festival des Nuits de la Louange depuis plus d\u2019une d\u00e9cennie confirme le statut du medh du Proph\u00e8te (PSL) dans la culture mauritanienne, de m\u00eame qu\u2019elle confirme l\u2019excellence du festival, son succ\u00e8s et l\u2019engouement constant de tous pour lui et ses nuits, caract\u00e9ristiques qui se sont multipli\u00e9es lors de cette \u00e9dition.<\/p>\n<p>Il a r\u00e9it\u00e9r\u00e9 l\u2019engagement du minist\u00e8re de la Culture, des Arts, de la Communication et des Relations avec le Parlement \u00e0 soutenir toutes les initiatives visant \u00e0 faire revivre et \u00e0 valoriser le patrimoine, compte tenu de son r\u00f4le dans la consolidation de l\u2019identit\u00e9 et le renforcement de la conscience culturelle.<\/p>\n<p><img loading=\"lazy\" decoding=\"async\" class=\"wp-image-267574 alignleft b-loaded\" src=\"https:\/\/ami.mr\/fr\/wp-content\/uploads\/2025\/03\/M-C-R-P-5-300x217.jpg\" sizes=\"auto, (max-width: 253px) 100vw, 253px\" srcset=\"https:\/\/ami.mr\/fr\/wp-content\/uploads\/2025\/03\/M-C-R-P-5-300x217.jpg 300w, https:\/\/ami.mr\/fr\/wp-content\/uploads\/2025\/03\/M-C-R-P-5-1024x740.jpg 1024w, https:\/\/ami.mr\/fr\/wp-content\/uploads\/2025\/03\/M-C-R-P-5-768x555.jpg 768w, https:\/\/ami.mr\/fr\/wp-content\/uploads\/2025\/03\/M-C-R-P-5-1536x1109.jpg 1536w, https:\/\/ami.mr\/fr\/wp-content\/uploads\/2025\/03\/M-C-R-P-5-2048x1479.jpg 2048w\" alt=\"\" width=\"253\" height=\"183\" \/>Pour sa part, Mohamed Aly Ould Bilal, pr\u00e9sident du Centre Taranim des arts populaires, a d\u00e9clar\u00e9 que l\u2019id\u00e9e du Centre Taranim est n\u00e9e il y a douze ans d\u2019un simple r\u00eave de faire revivre le patrimoine de la louange du Proph\u00e8te (PSL), non seulement en tant qu\u2019h\u00e9ritage artistique, mais aussi en tant qu\u2019identit\u00e9 culturelle vivante, pont entre les g\u00e9n\u00e9rations et espace favorisant la coh\u00e9sion sociale.<\/p>\n<p>Gr\u00e2ce au soutien des amoureux de la louange du Proph\u00e8te, le festival est devenu un \u00e9v\u00e9nement annuel qui rassemble des Mauritaniens de tous horizons pour faire revivre ce patrimoine ancien dans une atmosph\u00e8re de paix et d\u2019amour, a-t-il ajout\u00e9.<\/p>\n<p>Il a renouvel\u00e9 son appel \u00e0 l\u2019inscription du medh sur la liste du patrimoine mondial en tant que partie int\u00e9grante de notre identit\u00e9 culturelle, et \u00e0 la reconnaissance du Centre Taranim en tant qu\u2019association d\u2019utilit\u00e9 publique pour lui permettre d\u2019accomplir plus efficacement sa mission.<\/p>\n<p>Apr\u00e8s la c\u00e9r\u00e9monie officielle du festival, la Premi\u00e8re Dame, le Ministre de la Culture et la d\u00e9l\u00e9gation qui les accompagnait ont visit\u00e9 l\u2019exposition qui se tient en marge du festival et qui comprend plusieurs pavillons dont la Mahadra, les arts populaires et leurs instruments, le projet d\u2019enseignement des arts populaires, le projet d\u2019\u00e9criture des textes de louanges, un pavillon pr\u00e9sentant certaines \u0153uvres du d\u00e9funt journaliste Mohamed Fall Ould Oumer, et un autre d\u2019art plastique. Les participants ont \u00e9galement assist\u00e9 \u00e0 un \u201csketch\u201d simulant une session judiciaire visant \u00e0 permettre aux arts populaires d\u2019\u00eatre reconnus et valoris\u00e9s.<\/p>\n<p>La premi\u00e8re dame a \u00e9t\u00e9 distingu\u00e9e par le pr\u00e9sident du Centre Taranim en reconnaissance de son soutien au festival et aux arts populaires en g\u00e9n\u00e9ral. \u00c0 son tour, la Premi\u00e8re Dame a rendu hommage \u00e0 la famille de feu Mohamed Fall Ould Oumer en reconnaissance de son soutien au Centre Taranim, en plus d\u2019honorer un certain nombre d\u2019acteurs du Centre.<\/p>\n<p>La premi\u00e8re soir\u00e9e du festival a \u00e9t\u00e9 marqu\u00e9e par des r\u00e9citations de troupes de Medh qui ont chant\u00e9 les louanges du Proph\u00e8te Mohammad (PSL) sur l\u2019air de ce qui est connu localement sous le nom de \u201cNeifarah\u201d (fl\u00fbte).<\/p>\n<p>La c\u00e9r\u00e9monie d\u2019ouverture s\u2019est d\u00e9roul\u00e9e en pr\u00e9sence du ministre de l\u2019autonomisation des jeunes, de l\u2019emploi, des sports et du service civique de la ministre de l\u2019action sociale, de l\u2019enfance et de la famille, du ministre d\u00e9l\u00e9gu\u00e9 aupr\u00e8s du ministre de l\u2019int\u00e9rieur, de la promotion de la d\u00e9centralisation et du d\u00e9veloppement local charg\u00e9 de la d\u00e9centralisation et du d\u00e9veloppement local, d\u2019un conseiller au premier minist\u00e8re, du secr\u00e9taire g\u00e9n\u00e9ral par int\u00e9rim du minist\u00e8re de la culture, des arts, de la communication et des relations avec le parlement, du pr\u00e9sident du m\u00e9canisme national de pr\u00e9vention de la torture, de l\u2019adjoint au wali de Nouakchott Ouest, du hakem et du maire de la moughataa du Ksar et d\u2019un certain nombre de personnes s\u2019int\u00e9ressant \u00e0 la culture et aux arts.<\/p>\n<div class=\"heateorSssClear\">Ami<\/div>\n<\/div>\n<\/article>\n","protected":false},"excerpt":{"rendered":"<p>La Premi\u00e8re Dame, Dr. Mariem Mohamed Fadel Dah, a supervis\u00e9, vendredi soir, le lancement de la 12\u00e8me \u00e9dition du Festival \u201cLeyali el Medh\u201d (Nuits de Louange), organis\u00e9 par le Centre des Arts Populaires du Taranim et baptis\u00e9 cette ann\u00e9e du nom du journaliste Mohamed Fall Ould Oumer, au stade Cheikha Boidiya. Dans le discours qu\u2019il &hellip;<\/p>\n","protected":false},"author":2,"featured_media":14687,"comment_status":"open","ping_status":"open","sticky":false,"template":"","format":"standard","meta":{"footnotes":""},"categories":[18,15],"tags":[],"class_list":["post-14686","post","type-post","status-publish","format-standard","has-post-thumbnail","hentry","category-actualites","category-culture"],"_links":{"self":[{"href":"https:\/\/ladepeche.mr\/index.php?rest_route=\/wp\/v2\/posts\/14686","targetHints":{"allow":["GET"]}}],"collection":[{"href":"https:\/\/ladepeche.mr\/index.php?rest_route=\/wp\/v2\/posts"}],"about":[{"href":"https:\/\/ladepeche.mr\/index.php?rest_route=\/wp\/v2\/types\/post"}],"author":[{"embeddable":true,"href":"https:\/\/ladepeche.mr\/index.php?rest_route=\/wp\/v2\/users\/2"}],"replies":[{"embeddable":true,"href":"https:\/\/ladepeche.mr\/index.php?rest_route=%2Fwp%2Fv2%2Fcomments&post=14686"}],"version-history":[{"count":1,"href":"https:\/\/ladepeche.mr\/index.php?rest_route=\/wp\/v2\/posts\/14686\/revisions"}],"predecessor-version":[{"id":14688,"href":"https:\/\/ladepeche.mr\/index.php?rest_route=\/wp\/v2\/posts\/14686\/revisions\/14688"}],"wp:featuredmedia":[{"embeddable":true,"href":"https:\/\/ladepeche.mr\/index.php?rest_route=\/wp\/v2\/media\/14687"}],"wp:attachment":[{"href":"https:\/\/ladepeche.mr\/index.php?rest_route=%2Fwp%2Fv2%2Fmedia&parent=14686"}],"wp:term":[{"taxonomy":"category","embeddable":true,"href":"https:\/\/ladepeche.mr\/index.php?rest_route=%2Fwp%2Fv2%2Fcategories&post=14686"},{"taxonomy":"post_tag","embeddable":true,"href":"https:\/\/ladepeche.mr\/index.php?rest_route=%2Fwp%2Fv2%2Ftags&post=14686"}],"curies":[{"name":"wp","href":"https:\/\/api.w.org\/{rel}","templated":true}]}}