{"id":14695,"date":"2025-03-23T12:45:54","date_gmt":"2025-03-23T12:45:54","guid":{"rendered":"https:\/\/ladepeche.mr\/?p=14695"},"modified":"2025-03-23T12:47:21","modified_gmt":"2025-03-23T12:47:21","slug":"union-africaine-la-libye-reconnaissante-envers-le-maroc-pour-son-soutien-a-sa-candidature-au-conseil-de-paix-et-de-securite-communique-du-maec-libyen","status":"publish","type":"post","link":"https:\/\/ladepeche.mr\/?p=14695","title":{"rendered":"Union Africaine : La Libye reconnaissante envers le Maroc pour son soutien \u00e0 sa candidature au Conseil de Paix et de S\u00e9curit\u00e9 (Communiqu\u00e9 du MAEC libyen)"},"content":{"rendered":"<p>Le minist\u00e8re des Affaires Etrang\u00e8res et de la Coop\u00e9ration Internationale du gouvernement d\u2019unit\u00e9 nationale a exprim\u00e9 sa gratitude pour le soutien du Royaume du Maroc \u00e0 la candidature de la Libye pour un si\u00e8ge au Conseil de paix et de s\u00e9curit\u00e9 de l\u2019Union africaine pour la r\u00e9gion du Nord pour la p\u00e9riode 2025-2028.<\/p>\n<p>Cet appui du Maroc \u00e0 la candidature de la Libye pour un si\u00e8ge au Conseil de paix et de s\u00e9curit\u00e9 de l\u2019Union africaine (CPS-UA) illustre la continuit\u00e9 du r\u00f4le marocain dans la stabilisation du pays. Depuis l\u2019Accord de Skhirat en 2015, le Maroc s\u2019est positionn\u00e9 comme un acteur cl\u00e9 du dialogue inter-libyen, favorisant la r\u00e9conciliation et le renforcement des institutions l\u00e9gitimes.<\/p>\n<p><img loading=\"lazy\" decoding=\"async\" class=\"alignright  wp-image-14697\" src=\"http:\/\/ladepeche.mr\/wp-content\/uploads\/2025\/03\/Bayane-214x300.jpg\" alt=\"\" width=\"332\" height=\"465\" srcset=\"https:\/\/ladepeche.mr\/wp-content\/uploads\/2025\/03\/Bayane-214x300.jpg 214w, https:\/\/ladepeche.mr\/wp-content\/uploads\/2025\/03\/Bayane.jpg 609w\" sizes=\"auto, (max-width: 332px) 100vw, 332px\" \/><\/p>\n<p>L\u2019obtention d\u2019un si\u00e8ge au CPS-UA pour la p\u00e9riode 2025-2028 permettrait \u00e0 la Libye de s\u2019impliquer davantage dans les d\u00e9cisions strat\u00e9giques li\u00e9es \u00e0 la paix et \u00e0 la s\u00e9curit\u00e9 sur le continent. Ce soutien t\u00e9moigne \u00e9galement du rapprochement entre Rabat et Tripoli, consolidant leurs relations bilat\u00e9rales dans un contexte o\u00f9 la Libye cherche \u00e0 renforcer sa pr\u00e9sence diplomatique apr\u00e8s une d\u00e9cennie de crise.<\/p>\n<p>Le Maroc, en soutenant cette candidature, r\u00e9affirme ainsi son engagement en faveur de la stabilit\u00e9 r\u00e9gionale et de la coop\u00e9ration africaine. Ce geste s\u2019inscrit dans une dynamique plus large o\u00f9 le Royaume joue un r\u00f4le de m\u00e9diateur et de facilitateur au sein des instances africaines et internationales.<\/p>\n<p>(avec Map)<\/p>\n","protected":false},"excerpt":{"rendered":"<p>Le minist\u00e8re des Affaires Etrang\u00e8res et de la Coop\u00e9ration Internationale du gouvernement d\u2019unit\u00e9 nationale a exprim\u00e9 sa gratitude pour le soutien du Royaume du Maroc \u00e0 la candidature de la Libye pour un si\u00e8ge au Conseil de paix et de s\u00e9curit\u00e9 de l\u2019Union africaine pour la r\u00e9gion du Nord pour la p\u00e9riode 2025-2028. Cet appui &hellip;<\/p>\n","protected":false},"author":2,"featured_media":14696,"comment_status":"open","ping_status":"open","sticky":false,"template":"","format":"standard","meta":{"footnotes":""},"categories":[18,29],"tags":[],"class_list":["post-14695","post","type-post","status-publish","format-standard","has-post-thumbnail","hentry","category-actualites","category-monde"],"_links":{"self":[{"href":"https:\/\/ladepeche.mr\/index.php?rest_route=\/wp\/v2\/posts\/14695","targetHints":{"allow":["GET"]}}],"collection":[{"href":"https:\/\/ladepeche.mr\/index.php?rest_route=\/wp\/v2\/posts"}],"about":[{"href":"https:\/\/ladepeche.mr\/index.php?rest_route=\/wp\/v2\/types\/post"}],"author":[{"embeddable":true,"href":"https:\/\/ladepeche.mr\/index.php?rest_route=\/wp\/v2\/users\/2"}],"replies":[{"embeddable":true,"href":"https:\/\/ladepeche.mr\/index.php?rest_route=%2Fwp%2Fv2%2Fcomments&post=14695"}],"version-history":[{"count":2,"href":"https:\/\/ladepeche.mr\/index.php?rest_route=\/wp\/v2\/posts\/14695\/revisions"}],"predecessor-version":[{"id":14699,"href":"https:\/\/ladepeche.mr\/index.php?rest_route=\/wp\/v2\/posts\/14695\/revisions\/14699"}],"wp:featuredmedia":[{"embeddable":true,"href":"https:\/\/ladepeche.mr\/index.php?rest_route=\/wp\/v2\/media\/14696"}],"wp:attachment":[{"href":"https:\/\/ladepeche.mr\/index.php?rest_route=%2Fwp%2Fv2%2Fmedia&parent=14695"}],"wp:term":[{"taxonomy":"category","embeddable":true,"href":"https:\/\/ladepeche.mr\/index.php?rest_route=%2Fwp%2Fv2%2Fcategories&post=14695"},{"taxonomy":"post_tag","embeddable":true,"href":"https:\/\/ladepeche.mr\/index.php?rest_route=%2Fwp%2Fv2%2Ftags&post=14695"}],"curies":[{"name":"wp","href":"https:\/\/api.w.org\/{rel}","templated":true}]}}