{"id":1470,"date":"2022-08-16T14:58:33","date_gmt":"2022-08-16T14:58:33","guid":{"rendered":"https:\/\/ladepeche.mr\/?p=1470"},"modified":"2022-08-16T14:58:33","modified_gmt":"2022-08-16T14:58:33","slug":"fin-du-retrait-de-barkhane-reactions-au-mali","status":"publish","type":"post","link":"https:\/\/ladepeche.mr\/?p=1470","title":{"rendered":"Fin du retrait de Barkhane: r\u00e9actions au Mali"},"content":{"rendered":"<p>Apr\u00e8s neuf ann\u00e9es de pr\u00e9sence, l\u2019arm\u00e9e fran\u00e7aise a achev\u00e9 son retrait du Mali\u00a0apr\u00e8s avoir \u00e9t\u00e9 pouss\u00e9e vers la sortie par les autorit\u00e9s maliennes de transition, issues du coup d\u2019\u00c9tat\u00a0militaire de 2020. La base de Gao, dans le Nord, la derni\u00e8re \u00e0 \u00eatre encore occup\u00e9e par la force fran\u00e7aise Barkhane, est d\u00e9sormais entre les mains de l\u2019arm\u00e9e malienne. Un d\u00e9part\u00a0qui suscite des r\u00e9actions enthousiastes, mais aussi inqui\u00e8tes dans le pays.<\/p>\n<p>Le Front pour l&#8217;\u00e9mergence et le renouveau au Mali (Fer-Mali)\u00a0\u00e9tait parmi les premi\u00e8res organisations \u00e0 exiger le\u00a0<a href=\"https:\/\/www.rfi.fr\/fr\/afrique\/20220815-six-mois-pour-quitter-le-mali-pari-tenu-pour-les-soldats-de-barkhane\" target=\"_self\" rel=\"noopener\"><strong>retrait de la force fran\u00e7aise Barkhane<\/strong><\/a>. Ses v\u0153ux ont \u00e9t\u00e9 exauc\u00e9s par les autorit\u00e9s maliennes de transition, dont Fer-Mali est un fid\u00e8le soutien.\u00a0Aujourd\u2019hui, Sory Ibrahima Traor\u00e9, pr\u00e9sident de Fer-Mali, est donc tr\u00e8s satisfait.<\/p>\n<p>\u00ab<em>\u00a0Le d\u00e9part du dernier de Bakhane, aux yeux de tous ceux qui ont r\u00e9clam\u00e9 le d\u00e9part des forces fran\u00e7aises, est pour nous une victoire historique. On \u00e9tait arriv\u00e9 \u00e0 un point dans la collaboration et dans la conscience collective des Maliens o\u00f9 la pr\u00e9sence de la force Barkhane n&#8217;\u00e9tait pas bien per\u00e7ue<\/em>\u00a0<em>\u00bb,\u00a0<\/em>explique-t-il au micro de RFI.\u00a0<em>\u00ab<\/em>\u00a0<em>Ce d\u00e9part, pour nous, est un nouveau d\u00e9part pour notre g\u00e9n\u00e9ration. Le Mali et les Maliens vont se faire le devoir d&#8217;occuper le vide que cela va cr\u00e9er<\/em>\u00a0\u00bb.<\/p>\n<h2>Faire face \u00e0 la multiplication des attaques<\/h2>\n<p>\u00c0 pr\u00e9sent, c\u2019est le d\u00e9part de la Minusma, la mission onusienne dans le pays,\u00a0que demande Fer-Mali, comme d\u2019autres organisations politiques ou de la soci\u00e9t\u00e9 civile maliennes. Pour autant, cet enthousiasme n\u2019est pas unanime.<\/p>\n<p>Hors micro, par crainte de repr\u00e9sailles, de nombreux Maliens, notamment dans le nord du pays, expriment leurs craintes. En d\u00e9pit d\u2019un regard parfois critique sur le bilan de Barkhane, ceux-l\u00e0 estiment que l\u2019arm\u00e9e malienne, m\u00eame avec ses\u00a0<strong><a href=\"https:\/\/www.rfi.fr\/fr\/podcasts\/reportage-afrique\/20220313-exactions-de-l-arm%C3%A9e-malienne-et-de-ses-suppl%C3%A9tifs-russes-la-zone-de-sofara-t%C3%A9moignages-1-2\" target=\"_self\" rel=\"noopener\">suppl\u00e9tifs russes<\/a><\/strong>, sera moins \u00e0 m\u00eame de prot\u00e9ger les populations face aux attaques jihadistes.<\/p>\n<p>Plusieurs centaines de civils ont \u00e9t\u00e9 tu\u00e9s dans la r\u00e9gion de M\u00e9naka ces derniers mois, au moins 264 selon les Nations unies, entre 300 et 500 selon diff\u00e9rentes sources s\u00e9curitaires ou civiles maliennes. Quarante deux soldats maliens ont \u00e9galement \u00e9t\u00e9 assassin\u00e9s \u00e0 Tessit, r\u00e9gion de Gao, il y a moins d\u2019une semaine, dans une attaque attribu\u00e9e par Bamako au Groupe \u00c9tat islamique.\u00a0Quant aux autorit\u00e9s maliennes de transition, elles n&#8217;ont pas comment\u00e9 officiellement la fin de ce retrait de la force Barkhane.<\/p>\n<p>RFI<\/p>\n","protected":false},"excerpt":{"rendered":"<p>Apr\u00e8s neuf ann\u00e9es de pr\u00e9sence, l\u2019arm\u00e9e fran\u00e7aise a achev\u00e9 son retrait du Mali\u00a0apr\u00e8s avoir \u00e9t\u00e9 pouss\u00e9e vers la sortie par les autorit\u00e9s maliennes de transition, issues du coup d\u2019\u00c9tat\u00a0militaire de 2020. La base de Gao, dans le Nord, la derni\u00e8re \u00e0 \u00eatre encore occup\u00e9e par la force fran\u00e7aise Barkhane, est d\u00e9sormais entre les mains de &hellip;<\/p>\n","protected":false},"author":2,"featured_media":1471,"comment_status":"open","ping_status":"open","sticky":false,"template":"","format":"standard","meta":{"footnotes":""},"categories":[18,28],"tags":[],"class_list":["post-1470","post","type-post","status-publish","format-standard","has-post-thumbnail","hentry","category-actualites","category-sahel"],"_links":{"self":[{"href":"https:\/\/ladepeche.mr\/index.php?rest_route=\/wp\/v2\/posts\/1470","targetHints":{"allow":["GET"]}}],"collection":[{"href":"https:\/\/ladepeche.mr\/index.php?rest_route=\/wp\/v2\/posts"}],"about":[{"href":"https:\/\/ladepeche.mr\/index.php?rest_route=\/wp\/v2\/types\/post"}],"author":[{"embeddable":true,"href":"https:\/\/ladepeche.mr\/index.php?rest_route=\/wp\/v2\/users\/2"}],"replies":[{"embeddable":true,"href":"https:\/\/ladepeche.mr\/index.php?rest_route=%2Fwp%2Fv2%2Fcomments&post=1470"}],"version-history":[{"count":1,"href":"https:\/\/ladepeche.mr\/index.php?rest_route=\/wp\/v2\/posts\/1470\/revisions"}],"predecessor-version":[{"id":1472,"href":"https:\/\/ladepeche.mr\/index.php?rest_route=\/wp\/v2\/posts\/1470\/revisions\/1472"}],"wp:featuredmedia":[{"embeddable":true,"href":"https:\/\/ladepeche.mr\/index.php?rest_route=\/wp\/v2\/media\/1471"}],"wp:attachment":[{"href":"https:\/\/ladepeche.mr\/index.php?rest_route=%2Fwp%2Fv2%2Fmedia&parent=1470"}],"wp:term":[{"taxonomy":"category","embeddable":true,"href":"https:\/\/ladepeche.mr\/index.php?rest_route=%2Fwp%2Fv2%2Fcategories&post=1470"},{"taxonomy":"post_tag","embeddable":true,"href":"https:\/\/ladepeche.mr\/index.php?rest_route=%2Fwp%2Fv2%2Ftags&post=1470"}],"curies":[{"name":"wp","href":"https:\/\/api.w.org\/{rel}","templated":true}]}}