{"id":14706,"date":"2025-03-23T13:30:44","date_gmt":"2025-03-23T13:30:44","guid":{"rendered":"https:\/\/ladepeche.mr\/?p=14706"},"modified":"2025-03-23T13:17:08","modified_gmt":"2025-03-23T13:17:08","slug":"14706","status":"publish","type":"post","link":"https:\/\/ladepeche.mr\/?p=14706","title":{"rendered":"Isra\u00ebl : Netanyahou de plus en plus contest\u00e9"},"content":{"rendered":"<div class=\"c-chapo \">Face \u00e0 la reprise des bombardements de la part d\u2019Isra\u00ebl sur Gaza, l\u2019autorit\u00e9 de Benyamin Netanyahou a \u00e9t\u00e9 remise en cause par des milliers de manifestants \u00e0 Tel-Aviv ce samedi 22 mars.<\/div>\n<div class=\"c-body\">\n<p>Plusieurs milliers d&#8217;Isra\u00e9liens se sont r\u00e9unis \u00e0 Tel-Aviv pour protester contre la reprise des bombardements \u00e0 Gaza dans la soir\u00e9e du samedi 22 mars. Les manifestants accusent Benyamin Netanyahou de prolonger la guerre dans son propre int\u00e9r\u00eat politique. Tous appellent \u00e0 un cessez-le-feu pour obtenir la lib\u00e9ration des otages. \u201c<em>Nous vivons une p\u00e9riode historique, vos enfants et petits-enfants vous demanderont de quel c\u00f4t\u00e9 de l\u2019histoire vous \u00e9tiez.<\/em>\u201d crie une femme \u00e0 la foule de manifestants.<\/p>\n<h2 class=\"subheader\">Une d\u00e9rive autoritaire d\u00e9nonc\u00e9e ?<\/h2>\n<p>Les manifestants d\u00e9noncent une d\u00e9rive autoritaire dans le pays. Ils protestent contre le limogeage du chef de la s\u00e9curit\u00e9 int\u00e9rieure act\u00e9 hier soir contre l\u2019avis de la procureure g\u00e9n\u00e9rale. Alors que la Cour supr\u00eame isra\u00e9lienne a gel\u00e9 la d\u00e9cision du gouvernement, le chef de l\u2019opposition appelle ce soir \u00e0 une gr\u00e8ve g\u00e9n\u00e9rale. \u201c<em>Si le gouvernement ne tient pas compte de la d\u00e9cision de la cour, il deviendra ce soir-l\u00e0 un gouvernement hors-la-loi.<\/em>\u201d d\u00e9clare Ya\u00efr Lapid, chef de l\u2019opposition isra\u00e9lienne.<\/p>\n<p>France Info<\/p>\n<p><a href=\"https:\/\/www.francetvinfo.fr\/monde\/israel\/israel-netanyahou-de-plus-en-plus-conteste_7146858.html\">Isra\u00ebl : Netanyahou de plus en plus contest\u00e9<\/a><\/p>\n<\/div>\n","protected":false},"excerpt":{"rendered":"<p>Face \u00e0 la reprise des bombardements de la part d\u2019Isra\u00ebl sur Gaza, l\u2019autorit\u00e9 de Benyamin Netanyahou a \u00e9t\u00e9 remise en cause par des milliers de manifestants \u00e0 Tel-Aviv ce samedi 22 mars. Plusieurs milliers d&#8217;Isra\u00e9liens se sont r\u00e9unis \u00e0 Tel-Aviv pour protester contre la reprise des bombardements \u00e0 Gaza dans la soir\u00e9e du samedi 22 &hellip;<\/p>\n","protected":false},"author":2,"featured_media":14707,"comment_status":"open","ping_status":"open","sticky":false,"template":"","format":"standard","meta":{"footnotes":""},"categories":[18,29],"tags":[],"class_list":["post-14706","post","type-post","status-publish","format-standard","has-post-thumbnail","hentry","category-actualites","category-monde"],"_links":{"self":[{"href":"https:\/\/ladepeche.mr\/index.php?rest_route=\/wp\/v2\/posts\/14706","targetHints":{"allow":["GET"]}}],"collection":[{"href":"https:\/\/ladepeche.mr\/index.php?rest_route=\/wp\/v2\/posts"}],"about":[{"href":"https:\/\/ladepeche.mr\/index.php?rest_route=\/wp\/v2\/types\/post"}],"author":[{"embeddable":true,"href":"https:\/\/ladepeche.mr\/index.php?rest_route=\/wp\/v2\/users\/2"}],"replies":[{"embeddable":true,"href":"https:\/\/ladepeche.mr\/index.php?rest_route=%2Fwp%2Fv2%2Fcomments&post=14706"}],"version-history":[{"count":4,"href":"https:\/\/ladepeche.mr\/index.php?rest_route=\/wp\/v2\/posts\/14706\/revisions"}],"predecessor-version":[{"id":14711,"href":"https:\/\/ladepeche.mr\/index.php?rest_route=\/wp\/v2\/posts\/14706\/revisions\/14711"}],"wp:featuredmedia":[{"embeddable":true,"href":"https:\/\/ladepeche.mr\/index.php?rest_route=\/wp\/v2\/media\/14707"}],"wp:attachment":[{"href":"https:\/\/ladepeche.mr\/index.php?rest_route=%2Fwp%2Fv2%2Fmedia&parent=14706"}],"wp:term":[{"taxonomy":"category","embeddable":true,"href":"https:\/\/ladepeche.mr\/index.php?rest_route=%2Fwp%2Fv2%2Fcategories&post=14706"},{"taxonomy":"post_tag","embeddable":true,"href":"https:\/\/ladepeche.mr\/index.php?rest_route=%2Fwp%2Fv2%2Ftags&post=14706"}],"curies":[{"name":"wp","href":"https:\/\/api.w.org\/{rel}","templated":true}]}}