{"id":14718,"date":"2025-03-26T03:59:50","date_gmt":"2025-03-26T03:59:50","guid":{"rendered":"https:\/\/ladepeche.mr\/?p=14718"},"modified":"2025-03-26T04:00:16","modified_gmt":"2025-03-26T04:00:16","slug":"notre-pays-signe-avec-la-france-un-accord-de-financement-pour-un-projet-de-ligne-haute-tension-et-une-centrale-electrique-a-kiffa","status":"publish","type":"post","link":"https:\/\/ladepeche.mr\/?p=14718","title":{"rendered":"Notre pays signe avec la France un accord de financement pour un projet de ligne haute tension et une centrale \u00e9lectrique \u00e0 Kiffa"},"content":{"rendered":"<p>Son Excellence le ministre de l&#8217;\u00c9conomie et des Finances, M. Sid\u2019Ahmed Ould Bouh, a sign\u00e9 ce mardi \u00e0 Nouakchott, avec  l&#8217;ambassadeur de France accr\u00e9dit\u00e9 dans notre pays, SEM Alexandre Garcia, en pr\u00e9sence du ministre du P\u00e9trole et de l\u2019\u00c9nergie, M. Mohamed Ould Khaled, une convention de financement pour le projet de ligne \u00e0 haute tension Nouakchott\/ N\u00e9ma et une centrale de production d\u2019\u00e9lectricit\u00e9 dans la ville de Kiffa<\/p>\n<p>En vertu de cet accord, l\u2019Agence fran\u00e7aise de d\u00e9veloppement (AFD) accorde \u00e0 la Mauritanie un pr\u00eat concessionnel de 64 millions d\u2019euros, soit environ 2,8 milliards d\u2019ouguiyas nouvelles, pour contribuer au financement dudit projet de la ligne haute tension, en plus d&#8217;une centrale \u00e9lectrique \u00e0 Kiffa.<\/p>\n<p>Dans son allocution pour l&#8217;occasion, le ministre de l\u2019\u00c9conomie et des Finances a pr\u00e9cis\u00e9 que ce financement permettra la construction d\u2019une ligne haute tension reliant El Ghayra \u00e0 Kiffa, d\u2019une centrale \u00e9lectrique de 50 m\u00e9gawatts \u00e0 Kiffa, ainsi que d\u2019une sous-station \u00e0 Nouakchott, ainsi que  l\u2019interconnexion du r\u00e9seau \u00e9lectrique national avec celui du Mali. Le projet pr\u00e9voit \u00e9galement la l&#8217;alimentation de 100 000 nouveaux abonn\u00e9s le long de la ligne haute tension et le d\u00e9veloppement de plusieurs r\u00e9seaux de distribution locale.<\/p>\n<p>Le ministre a soulign\u00e9 que la Mauritanie dispose d\u2019un potentiel consid\u00e9rable en \u00e9nergies renouvelables \u2013 solaire, \u00e9olienne et hydro\u00e9lectrique \u2013 qui devrait s\u2019accro\u00eetre avec l\u2019exploitation prochaine du gaz. Cependant, les capacit\u00e9s limit\u00e9es en  transport et distribution entravent une exploitation optimale de ces ressources, pr\u00e9cisant que le taux de couverture nationale en \u00e9lectricit\u00e9 est d\u2019environ 50 %, mais ne d\u00e9passe pas 10 % en milieu rural.<\/p>\n<p>Pour pallier ces insuffisances, a-t-il ajout\u00e9, la Mauritanie a mis en place un programme ambitieux, soutenu par plusieurs partenaires financiers, visant \u00e0 d\u00e9ployer des lignes \u00e0 haute tension entre Nouakchott et N\u00e9ma, interconnecter notre r\u00e9seau national avec ceux des pays voisins, investir dans les \u00e9nergies renouvelables, densifier les r\u00e9seaux de distribution dans les grands centres urbains et encourager la participation du secteur priv\u00e9 dans la production et la distribution d\u2019\u00e9nergie, soulignant que la signature de cet accord s\u2019inscrit dans cette dynamique.<\/p>\n<p>Il a par ailleurs rappel\u00e9 que ce projet s\u2019aligne sur une orientation confirm\u00e9e au cours des derni\u00e8res ann\u00e9es, visant \u00e0 renforcer les infrastructures propices \u00e0 la croissance et \u00e0 am\u00e9liorer l\u2019acc\u00e8s des populations les plus vuln\u00e9rables aux services essentiels, conform\u00e9ment aux engagements du Pr\u00e9sident de la R\u00e9publique, Son Excellence Monsieur Mohamed Ould Cheikh El Ghazouani. Des engagements suivant lesquels le gouvernement  du Premier ministre Son Excellence M. Mokhtar Ould Diay, met en \u0153uvre des programmes ambitieux en milieu urbain, p\u00e9riurbain et rural, incluant des infrastructures de services et des \u00e9quipements publics.<\/p>\n<p>De son c\u00f4t\u00e9, l\u2019ambassadeur de France a soulign\u00e9 que cet accord illustre la dynamique du partenariat entre les deux pays dans les secteurs strat\u00e9giques de l\u2019\u00e9nergie et des infrastructures. Il a insist\u00e9 sur le fait que ce financement contribuera directement \u00e0 l\u2019am\u00e9lioration de l\u2019acc\u00e8s des populations \u00e0 une \u00e9lectricit\u00e9 propre et durable, r\u00e9affirmant ainsi la place centrale du d\u00e9veloppement du secteur \u00e9nerg\u00e9tique dans la coop\u00e9ration bilat\u00e9rale.<br \/>\nMEF<\/p>\n","protected":false},"excerpt":{"rendered":"<p>Son Excellence le ministre de l&#8217;\u00c9conomie et des Finances, M. Sid\u2019Ahmed Ould Bouh, a sign\u00e9 ce mardi \u00e0 Nouakchott, avec l&#8217;ambassadeur de France accr\u00e9dit\u00e9 dans notre pays, SEM Alexandre Garcia, en pr\u00e9sence du ministre du P\u00e9trole et de l\u2019\u00c9nergie, M. Mohamed Ould Khaled, une convention de financement pour le projet de ligne \u00e0 haute tension &hellip;<\/p>\n","protected":false},"author":2,"featured_media":14714,"comment_status":"open","ping_status":"open","sticky":false,"template":"","format":"standard","meta":{"footnotes":""},"categories":[18,2],"tags":[],"class_list":["post-14718","post","type-post","status-publish","format-standard","has-post-thumbnail","hentry","category-actualites","category-economie"],"_links":{"self":[{"href":"https:\/\/ladepeche.mr\/index.php?rest_route=\/wp\/v2\/posts\/14718","targetHints":{"allow":["GET"]}}],"collection":[{"href":"https:\/\/ladepeche.mr\/index.php?rest_route=\/wp\/v2\/posts"}],"about":[{"href":"https:\/\/ladepeche.mr\/index.php?rest_route=\/wp\/v2\/types\/post"}],"author":[{"embeddable":true,"href":"https:\/\/ladepeche.mr\/index.php?rest_route=\/wp\/v2\/users\/2"}],"replies":[{"embeddable":true,"href":"https:\/\/ladepeche.mr\/index.php?rest_route=%2Fwp%2Fv2%2Fcomments&post=14718"}],"version-history":[{"count":2,"href":"https:\/\/ladepeche.mr\/index.php?rest_route=\/wp\/v2\/posts\/14718\/revisions"}],"predecessor-version":[{"id":14720,"href":"https:\/\/ladepeche.mr\/index.php?rest_route=\/wp\/v2\/posts\/14718\/revisions\/14720"}],"wp:featuredmedia":[{"embeddable":true,"href":"https:\/\/ladepeche.mr\/index.php?rest_route=\/wp\/v2\/media\/14714"}],"wp:attachment":[{"href":"https:\/\/ladepeche.mr\/index.php?rest_route=%2Fwp%2Fv2%2Fmedia&parent=14718"}],"wp:term":[{"taxonomy":"category","embeddable":true,"href":"https:\/\/ladepeche.mr\/index.php?rest_route=%2Fwp%2Fv2%2Fcategories&post=14718"},{"taxonomy":"post_tag","embeddable":true,"href":"https:\/\/ladepeche.mr\/index.php?rest_route=%2Fwp%2Fv2%2Ftags&post=14718"}],"curies":[{"name":"wp","href":"https:\/\/api.w.org\/{rel}","templated":true}]}}