{"id":14725,"date":"2025-03-26T18:00:39","date_gmt":"2025-03-26T18:00:39","guid":{"rendered":"https:\/\/ladepeche.mr\/?p=14725"},"modified":"2025-03-26T17:29:35","modified_gmt":"2025-03-26T17:29:35","slug":"les-brigades-qassam-publient-une-video-de-captifs-israeliens","status":"publish","type":"post","link":"https:\/\/ladepeche.mr\/?p=14725","title":{"rendered":"Les Brigades Qassam publient une vid\u00e9o de captifs isra\u00e9liens"},"content":{"rendered":"<p>Dans une vid\u00e9o publi\u00e9e , lundi, par la branche arm\u00e9e du Hamas, deux captifs disent que leur vie \u00e9tait meilleure et qu\u2019ils se sentaient plus en s\u00e9curit\u00e9 pendant la tr\u00eave \u00e0 laquelle Isra\u00ebl a mis fin le 18 mars.<\/p>\n<p>Les captifs, assis c\u00f4te \u00e0 c\u00f4te dans un minuscule espace clos, disent qu\u2019ils sont le \u00ab prisonnier num\u00e9ro 21 \u00bb et le \u00ab prisonnier num\u00e9ro 22 \u00bb.<\/p>\n<p>\u00ab Jusqu\u2019\u00e0 hier, nous avions un nom et une identit\u00e9 et j\u2019avais de l\u2019espoir, mais aujourd\u2019hui je ne suis qu\u2019un num\u00e9ro \u00bb, a d\u00e9clar\u00e9 l\u2019un d\u2019entre eux.<\/p>\n<p>\u00ab Avant l\u2019entr\u00e9e en vigueur de l\u2019accord de cessez-le-feu, les points de passage \u00e9taient ferm\u00e9s, nos conditions de vie \u00e9taient difficiles, nous ne recevions presque pas de nourriture et il n\u2019y avait pas d\u2019endroit s\u00fbr \u00bb, a d\u00e9clar\u00e9 l\u2019un d\u2019entre eux.<\/p>\n<p>\u00ab Lorsque l\u2019accord a commenc\u00e9 et que les points de passage ont \u00e9t\u00e9 ouverts, les combattants de Hamas se sont occup\u00e9s de nous et nous avons commenc\u00e9 \u00e0 nous sentir mieux. Nous avons \u00e9t\u00e9 soulag\u00e9s de la faim et avons commenc\u00e9 \u00e0 respirer de l\u2019air frais \u00bb.<\/p>\n<p>Le captif a d\u00e9clar\u00e9 qu\u2019Isra\u00ebl avait repris la guerre contre Gaza le 18 mars, ce qui a \u00e9t\u00e9 \u00ab un coup dur \u00bb.<\/p>\n<p>Provided by SyndiGate Media Inc<\/p>\n","protected":false},"excerpt":{"rendered":"<p>Dans une vid\u00e9o publi\u00e9e , lundi, par la branche arm\u00e9e du Hamas, deux captifs disent que leur vie \u00e9tait meilleure et qu\u2019ils se sentaient plus en s\u00e9curit\u00e9 pendant la tr\u00eave \u00e0 laquelle Isra\u00ebl a mis fin le 18 mars. Les captifs, assis c\u00f4te \u00e0 c\u00f4te dans un minuscule espace clos, disent qu\u2019ils sont le \u00ab &hellip;<\/p>\n","protected":false},"author":2,"featured_media":14726,"comment_status":"open","ping_status":"open","sticky":false,"template":"","format":"standard","meta":{"footnotes":""},"categories":[18,29],"tags":[],"class_list":["post-14725","post","type-post","status-publish","format-standard","has-post-thumbnail","hentry","category-actualites","category-monde"],"_links":{"self":[{"href":"https:\/\/ladepeche.mr\/index.php?rest_route=\/wp\/v2\/posts\/14725","targetHints":{"allow":["GET"]}}],"collection":[{"href":"https:\/\/ladepeche.mr\/index.php?rest_route=\/wp\/v2\/posts"}],"about":[{"href":"https:\/\/ladepeche.mr\/index.php?rest_route=\/wp\/v2\/types\/post"}],"author":[{"embeddable":true,"href":"https:\/\/ladepeche.mr\/index.php?rest_route=\/wp\/v2\/users\/2"}],"replies":[{"embeddable":true,"href":"https:\/\/ladepeche.mr\/index.php?rest_route=%2Fwp%2Fv2%2Fcomments&post=14725"}],"version-history":[{"count":1,"href":"https:\/\/ladepeche.mr\/index.php?rest_route=\/wp\/v2\/posts\/14725\/revisions"}],"predecessor-version":[{"id":14727,"href":"https:\/\/ladepeche.mr\/index.php?rest_route=\/wp\/v2\/posts\/14725\/revisions\/14727"}],"wp:featuredmedia":[{"embeddable":true,"href":"https:\/\/ladepeche.mr\/index.php?rest_route=\/wp\/v2\/media\/14726"}],"wp:attachment":[{"href":"https:\/\/ladepeche.mr\/index.php?rest_route=%2Fwp%2Fv2%2Fmedia&parent=14725"}],"wp:term":[{"taxonomy":"category","embeddable":true,"href":"https:\/\/ladepeche.mr\/index.php?rest_route=%2Fwp%2Fv2%2Fcategories&post=14725"},{"taxonomy":"post_tag","embeddable":true,"href":"https:\/\/ladepeche.mr\/index.php?rest_route=%2Fwp%2Fv2%2Ftags&post=14725"}],"curies":[{"name":"wp","href":"https:\/\/api.w.org\/{rel}","templated":true}]}}