{"id":14729,"date":"2025-03-26T17:30:32","date_gmt":"2025-03-26T17:30:32","guid":{"rendered":"https:\/\/ladepeche.mr\/?p=14729"},"modified":"2025-03-26T17:28:50","modified_gmt":"2025-03-26T17:28:50","slug":"le-president-de-la-republique-magnifie-les-sacrifices-consentis-par-les-personnels-de-sante","status":"publish","type":"post","link":"https:\/\/ladepeche.mr\/?p=14729","title":{"rendered":"Le Pr\u00e9sident de la R\u00e9publique magnifie les sacrifices consentis par les personnels de sant\u00e9"},"content":{"rendered":"<p>Le pr\u00e9sident de la R\u00e9publique, M. Mohamed Ould Cheikh El Ghazouani, a salu\u00e9 les grands sacrifices et les efforts consentis par les personnels de sant\u00e9 sur l\u2019ensemble du territoire national pour assurer les soins de sant\u00e9 et r\u00e9pondre aux besoins des h\u00f4pitaux.<\/p>\n<p>Pr\u00e9sidant mardi soir au Centre hospitalier national de Nouakchott un iftar en l\u2019honneur d\u2019un groupe de personnel m\u00e9dical travaillant dans les \u00e9tablissements de sant\u00e9 des trois wilayas de Nouakchott, Son Excellence a indiqu\u00e9 que la fourniture des services de sant\u00e9 et l\u2019am\u00e9lioration de leur qualit\u00e9, quel qu\u2019en soit le niveau atteint et le co\u00fbt pay\u00e9 pour cela, restent n\u00e9gligeables par rapport \u00e0 l\u2019importance de la sant\u00e9 des citoyens et de sa pr\u00e9servation.<\/p>\n<p>Il a soulign\u00e9 que la sant\u00e9 joue un r\u00f4le fondamental dans le d\u00e9veloppement dans tous ses domaines, que ce soit au niveau des ressources humaines ou au niveau \u00e9conomique et social.<\/p>\n<p>Le Pr\u00e9sident de la R\u00e9publique a d\u00e9clar\u00e9 que la crise du COVID-19, une exp\u00e9rience tragique v\u00e9cue par le monde entier, \u00e0 laquelle notre pays a pu r\u00e9sister gr\u00e2ce aux efforts concert\u00e9s de tous et aux sacrifices du personnel m\u00e9dical en g\u00e9n\u00e9ral, nous a enseign\u00e9 beaucoup de le\u00e7ons, notant dans ce contexte les sacrifices des m\u00e9decins mauritaniens travaillant \u00e0 l\u2019\u00e9tranger qui se sont souvenus de leur pays pendant cette pand\u00e9mie et ont \u00e9t\u00e9 en contact avec le minist\u00e8re de la sant\u00e9 et les institutions m\u00e9dicales pour aider leur pays dans ces circonstances difficiles.<\/p>\n<p>Il a ajout\u00e9 que tous les citoyens ont contribu\u00e9 \u00e0 ces sacrifices, qu\u2019il s\u2019agisse d\u2019hommes politiques ou d\u2019acteurs financiers et \u00e9conomiques, notant que ce qui s\u2019est pass\u00e9 \u00e0 l\u2019\u00e9poque \u00e9tait une preuve de solidarit\u00e9 et d\u00e9montrait la maturit\u00e9 de notre soci\u00e9t\u00e9, qu\u2019il s\u2019agisse de ceux qui travaillent dans les services de l\u2019\u00c9tat en g\u00e9n\u00e9ral ou de ceux qui travaillent dans le secteur priv\u00e9 ou de notre diaspora \u00e0 l\u2019\u00e9tranger.<\/p>\n<p>Dans ce contexte, Son Excellence a rappel\u00e9 les conditions difficiles v\u00e9cues par le personnel m\u00e9dical national, qui a \u00e9t\u00e9 expos\u00e9 \u00e0 de nombreux dangers mais qui a travaill\u00e9 avec abn\u00e9gation, se souvenant de ses serments et adh\u00e9rant \u00e0 l\u2019esprit noble de son honorable profession, qui l\u2019am\u00e8ne \u00e0 se soucier davantage du patient que de lui-m\u00eame.<\/p>\n<p>Il a d\u00e9clar\u00e9 que la pand\u00e9mie de COVID-19 a renforc\u00e9 sa d\u00e9termination \u00e0 am\u00e9liorer les performances de nos \u00e9tablissements de sant\u00e9 et \u00e0 travailler \u00e0 l\u2019am\u00e9lioration des soins de sant\u00e9 pour b\u00e2tir un syst\u00e8me de sant\u00e9 int\u00e9gr\u00e9 et complet, soulignant que notre pays a accompli de nombreuses r\u00e9alisations dans la construction d\u2019infrastructures et l\u2019am\u00e9lioration de la capacit\u00e9 d\u2019accueil des \u00e9tablissements hospitaliers.<\/p>\n<p>Son Excellence a not\u00e9 que la capacit\u00e9 des \u00e9tablissements hospitaliers a augment\u00e9 de 560 lits, dont 150 \u00e0 l\u2019h\u00f4pital d\u2019Atar, 150 \u00e0 l\u2019h\u00f4pital de S\u00e9libaby, 140 dans le cadre de l\u2019expansion de l\u2019h\u00f4pital national, notant que 240 lits seront bient\u00f4t ajout\u00e9s avec l\u2019ach\u00e8vement de la construction des h\u00f4pitaux deTidjikja, Aioun et Aleg.<\/p>\n<p>Il a ajout\u00e9 que les \u00e9quipements m\u00e9dicaux n\u00e9cessaires ont \u00e9t\u00e9 acquis, que des m\u00e9dicaments de qualit\u00e9 ont \u00e9t\u00e9 mis \u00e0 disposition et que les m\u00e9thodes de transport ont \u00e9t\u00e9 am\u00e9lior\u00e9es gr\u00e2ce au renforcement du syst\u00e8me de transport m\u00e9dical d\u2019urgence, qui est pass\u00e9 d\u2019environ 70 v\u00e9hicules, en 2019, \u00e0 270 actuellement, avec 92 v\u00e9hicules suppl\u00e9mentaires \u00e0 acqu\u00e9rir cette ann\u00e9e.<\/p>\n<p>S.E le pr\u00e9sident de la R\u00e9publique a d\u00e9clar\u00e9 que, parmi les r\u00e9alisations importantes dans le secteur de la sant\u00e9, il y a la facilitation de l\u2019acc\u00e8s aux services de sant\u00e9 pour les citoyens \u00e0 faible revenu \u00e0 travers l\u2019expansion de l\u2019assurance maladie d\u2019une mani\u00e8re tr\u00e8s importante qui a permis l\u2019ajout de centaines de milliers de citoyens dont la majorit\u00e9 issus des couches d\u00e9favoris\u00e9es, en plus de l\u2019adoption d\u2019une loi permettant l\u2019acc\u00e8s \u00e0 l\u2019assurance maladie pour les parents, les veuves et les personnes ayant des besoins sp\u00e9cifiques, le tout dans le cadre des efforts du gouvernement pour l\u2019assurance maladie universelle \u00e0 l\u2019horizon 2030. Le Pr\u00e9sident de la R\u00e9publique a ajout\u00e9 que ces r\u00e9alisations comprennent \u00e9galement la r\u00e9animation gratuite, le transport m\u00e9dical et la gratuit\u00e9 des soins pour les femmes enceintes.<\/p>\n<p>L\u2019acquisition d\u2019appareils et d\u2019\u00e9quipements de pointe doit s\u2019accompagner de ressources humaines hautement qualifi\u00e9es et de bonnes conditions de travail, a-t-il dit, notant que plus de 2 920 personnes de diff\u00e9rents niveaux ont \u00e9t\u00e9 recrut\u00e9es, ce qui repr\u00e9sente 25 % de l\u2019ensemble des travailleurs du secteur de la sant\u00e9.<\/p>\n<p>Dans ce contexte, et afin d\u2019am\u00e9liorer les conditions des travailleurs du secteur de la sant\u00e9, leurs salaires ont \u00e9t\u00e9 doubl\u00e9s par une mesure exceptionnelle, en plus de b\u00e9n\u00e9ficier de toutes les augmentations annonc\u00e9es en faveur des fonctionnaires et agents de l\u2019Etat, a-t-il ajout\u00e9.<\/p>\n<p>Le Pr\u00e9sident de la R\u00e9publique s\u2019est dit conscient de l\u2019urgence de r\u00e9aliser davantage dans tous ces domaines, tant au niveau des conditions de travail que des conditions de vie des personnes charg\u00e9es de la sant\u00e9 des citoyens, soulignant sa d\u00e9termination \u00e0 redoubler d\u2019efforts pour surmonter tous ces obstacles.<\/p>\n<p>Il a appel\u00e9 le personnel m\u00e9dical \u00e0 se montrer \u00e0 la hauteur des attentes des citoyens en faisant davantage pour am\u00e9liorer leur sant\u00e9, en veillant \u00e0 l\u2019assiduit\u00e9, en r\u00e9pondant rapidement aux demandes d\u2019urgence, en faisant preuve d\u2019humanisme dans le traitement des patients et en entretenant les \u00e9quipements et les fournitures afin de prolonger leur vie.<\/p>\n<p>Il a exprim\u00e9 ses remerciements et sa reconnaissance \u00e0 l\u2019ensemble du personnel de sant\u00e9 dans tout le pays, ainsi que sa joie de partager cet Iftar avec eux en ces dix derniers jours du Ramadan, pr\u00e9cisant qu\u2019il ne m\u00e9nagera aucun effort pour les aider dans tout ce qui contribuera \u00e0 l\u2019am\u00e9lioration de la qualit\u00e9 de notre syst\u00e8me de sant\u00e9.<\/p>\n<p>Ami<\/p>\n","protected":false},"excerpt":{"rendered":"<p>Le pr\u00e9sident de la R\u00e9publique, M. Mohamed Ould Cheikh El Ghazouani, a salu\u00e9 les grands sacrifices et les efforts consentis par les personnels de sant\u00e9 sur l\u2019ensemble du territoire national pour assurer les soins de sant\u00e9 et r\u00e9pondre aux besoins des h\u00f4pitaux. Pr\u00e9sidant mardi soir au Centre hospitalier national de Nouakchott un iftar en l\u2019honneur &hellip;<\/p>\n","protected":false},"author":2,"featured_media":14730,"comment_status":"open","ping_status":"open","sticky":false,"template":"","format":"standard","meta":{"footnotes":""},"categories":[18,27],"tags":[],"class_list":["post-14729","post","type-post","status-publish","format-standard","has-post-thumbnail","hentry","category-actualites","category-sante"],"_links":{"self":[{"href":"https:\/\/ladepeche.mr\/index.php?rest_route=\/wp\/v2\/posts\/14729","targetHints":{"allow":["GET"]}}],"collection":[{"href":"https:\/\/ladepeche.mr\/index.php?rest_route=\/wp\/v2\/posts"}],"about":[{"href":"https:\/\/ladepeche.mr\/index.php?rest_route=\/wp\/v2\/types\/post"}],"author":[{"embeddable":true,"href":"https:\/\/ladepeche.mr\/index.php?rest_route=\/wp\/v2\/users\/2"}],"replies":[{"embeddable":true,"href":"https:\/\/ladepeche.mr\/index.php?rest_route=%2Fwp%2Fv2%2Fcomments&post=14729"}],"version-history":[{"count":1,"href":"https:\/\/ladepeche.mr\/index.php?rest_route=\/wp\/v2\/posts\/14729\/revisions"}],"predecessor-version":[{"id":14731,"href":"https:\/\/ladepeche.mr\/index.php?rest_route=\/wp\/v2\/posts\/14729\/revisions\/14731"}],"wp:featuredmedia":[{"embeddable":true,"href":"https:\/\/ladepeche.mr\/index.php?rest_route=\/wp\/v2\/media\/14730"}],"wp:attachment":[{"href":"https:\/\/ladepeche.mr\/index.php?rest_route=%2Fwp%2Fv2%2Fmedia&parent=14729"}],"wp:term":[{"taxonomy":"category","embeddable":true,"href":"https:\/\/ladepeche.mr\/index.php?rest_route=%2Fwp%2Fv2%2Fcategories&post=14729"},{"taxonomy":"post_tag","embeddable":true,"href":"https:\/\/ladepeche.mr\/index.php?rest_route=%2Fwp%2Fv2%2Ftags&post=14729"}],"curies":[{"name":"wp","href":"https:\/\/api.w.org\/{rel}","templated":true}]}}