{"id":14740,"date":"2025-03-27T11:21:32","date_gmt":"2025-03-27T11:21:32","guid":{"rendered":"https:\/\/ladepeche.mr\/?p=14740"},"modified":"2025-03-27T11:21:32","modified_gmt":"2025-03-27T11:21:32","slug":"antisemitisme-manuel-valls-vise-par-une-plainte-pour-ses-propos-sur-le-monde-arabo-musulman","status":"publish","type":"post","link":"https:\/\/ladepeche.mr\/?p=14740","title":{"rendered":"Antis\u00e9mitisme : Manuel Valls vis\u00e9 par une plainte pour ses propos sur le monde arabo-musulman"},"content":{"rendered":"<p>Les d\u00e9put\u00e9s \u00e9cologistes fran\u00e7ais Benjamin Lucas et L\u00e9a Balage El Mariky ont annonc\u00e9 saisir la justice, ce mardi 26 mars, pour \u00abincitation \u00e0 la haine\u00bb, apr\u00e8s les propos de Manuel Valls selon lesquels \u00abla haine des juifs vient essentiellement du monde arabo-musulman\u00bb. La veille, le ministre des Outre-mer a fait cette d\u00e9claration sur Europe1\/CNews, ce que Lucas qualifie de \u00abchoquant(e) \u00e0 plusieurs titres\u00bb.<br \/>\n\u00abCe qui a chang\u00e9 depuis 25 ans, c\u2019est qu\u2019elle vient essentiellement du monde arabo-musulman cette haine des juifs, en France comme ailleurs. L\u2019islamisme fait de la haine des juifs sa matrice et son principal objectif\u00bb, avait dit le ministre, \u00e0 la suite de la r\u00e9cente agression d\u2019un rabbin \u00e0 Orl\u00e9ans.<\/p>\n<p>Membre de G\u00e9n\u00e9rations et porte-parole du groupe \u00e9cologiste et social \u00e0 l\u2019Assembl\u00e9e nationale, Benjamin Lucas a estim\u00e9 aupr\u00e8s de Sud Radio que Valls mettait \u00abdans la soci\u00e9t\u00e9 fran\u00e7aise une cat\u00e9gorie \u00e0 part\u00bb. \u00abIl explique qu\u2019il y aurait un monde arabo-musulman (\u2026) accuse nos compatriotes musulmans, d\u2019origine arabe r\u00e9elle ou suppos\u00e9e, on ne sait pas trop, d\u2019\u00eatre les responsables de l\u2019antis\u00e9mitisme dans ce pays\u00bb, a-t-il fustig\u00e9.<\/p>\n<p>https:\/\/www.msn.com\/fr-xl\/afrique-du-nord\/maroc-actualite\/antis%C3%A9mitisme-manuel-valls-vis%C3%A9-par-une-plainte-pour-ses-propos-sur-le-monde-arabo-musulman\/ar-AA1BJbkl?ocid=msedgdhp&#038;pc=U531&#038;cvid=2818e9d51c084bf68bef8218905de7e4&#038;ei=40#<\/p>\n","protected":false},"excerpt":{"rendered":"<p>Les d\u00e9put\u00e9s \u00e9cologistes fran\u00e7ais Benjamin Lucas et L\u00e9a Balage El Mariky ont annonc\u00e9 saisir la justice, ce mardi 26 mars, pour \u00abincitation \u00e0 la haine\u00bb, apr\u00e8s les propos de Manuel Valls selon lesquels \u00abla haine des juifs vient essentiellement du monde arabo-musulman\u00bb. La veille, le ministre des Outre-mer a fait cette d\u00e9claration sur Europe1\/CNews, ce &hellip;<\/p>\n","protected":false},"author":2,"featured_media":14741,"comment_status":"open","ping_status":"open","sticky":false,"template":"","format":"standard","meta":{"footnotes":""},"categories":[18,29],"tags":[],"class_list":["post-14740","post","type-post","status-publish","format-standard","has-post-thumbnail","hentry","category-actualites","category-monde"],"_links":{"self":[{"href":"https:\/\/ladepeche.mr\/index.php?rest_route=\/wp\/v2\/posts\/14740","targetHints":{"allow":["GET"]}}],"collection":[{"href":"https:\/\/ladepeche.mr\/index.php?rest_route=\/wp\/v2\/posts"}],"about":[{"href":"https:\/\/ladepeche.mr\/index.php?rest_route=\/wp\/v2\/types\/post"}],"author":[{"embeddable":true,"href":"https:\/\/ladepeche.mr\/index.php?rest_route=\/wp\/v2\/users\/2"}],"replies":[{"embeddable":true,"href":"https:\/\/ladepeche.mr\/index.php?rest_route=%2Fwp%2Fv2%2Fcomments&post=14740"}],"version-history":[{"count":1,"href":"https:\/\/ladepeche.mr\/index.php?rest_route=\/wp\/v2\/posts\/14740\/revisions"}],"predecessor-version":[{"id":14742,"href":"https:\/\/ladepeche.mr\/index.php?rest_route=\/wp\/v2\/posts\/14740\/revisions\/14742"}],"wp:featuredmedia":[{"embeddable":true,"href":"https:\/\/ladepeche.mr\/index.php?rest_route=\/wp\/v2\/media\/14741"}],"wp:attachment":[{"href":"https:\/\/ladepeche.mr\/index.php?rest_route=%2Fwp%2Fv2%2Fmedia&parent=14740"}],"wp:term":[{"taxonomy":"category","embeddable":true,"href":"https:\/\/ladepeche.mr\/index.php?rest_route=%2Fwp%2Fv2%2Fcategories&post=14740"},{"taxonomy":"post_tag","embeddable":true,"href":"https:\/\/ladepeche.mr\/index.php?rest_route=%2Fwp%2Fv2%2Ftags&post=14740"}],"curies":[{"name":"wp","href":"https:\/\/api.w.org\/{rel}","templated":true}]}}