{"id":14743,"date":"2025-03-27T18:47:06","date_gmt":"2025-03-27T18:47:06","guid":{"rendered":"https:\/\/ladepeche.mr\/?p=14743"},"modified":"2025-03-27T18:47:06","modified_gmt":"2025-03-27T18:47:06","slug":"le-president-de-la-republique-recoit-une-delegation-gouvernementale-malienne-de-haut-niveau","status":"publish","type":"post","link":"https:\/\/ladepeche.mr\/?p=14743","title":{"rendered":"Le Pr\u00e9sident de la R\u00e9publique re\u00e7oit une d\u00e9l\u00e9gation gouvernementale malienne de haut niveau"},"content":{"rendered":"<p>S.E. le Pr\u00e9sident de la R\u00e9publique Mohamed Ould Cheikh El Ghazouani a re\u00e7u, jeudi apr\u00e8s-midi, au Palais pr\u00e9sidentiel, une d\u00e9l\u00e9gation gouvernementale de haut niveau de la R\u00e9publique s\u0153ur du Mali, conduite par le ministre des Affaires \u00e9trang\u00e8res, M. Abdoulaye Diop, et comprenant le ministre des Maliens de l\u2019ext\u00e9rieur, M. Moussa Agh Tahir, et le ministre directeur g\u00e9n\u00e9ral de l\u2019Agence nationale de la s\u00fbret\u00e9 de l\u2019Etat, le g\u00e9n\u00e9ral Modibo Kon\u00e9.<br \/>\nPeu apr\u00e8s l\u2019entretien, le ministre malien des Affaires \u00e9trang\u00e8res a fait une d\u00e9claration dans laquelle il s\u2019est dit honor\u00e9 d\u2019\u00eatre re\u00e7u par S.E. le Pr\u00e9sident de la R\u00e9publique Mohamed Ould Cheikh El Ghazouani, \u00e0 qui il a remis un message de S.E. le Pr\u00e9sident de la Transition et Chef de l\u2019Etat du Mali, le g\u00e9n\u00e9ral d\u2019arm\u00e9e Assoumi Go\u00efta.<\/p>\n<p>Il a expliqu\u00e9 que le message comprend principalement le d\u00e9sir du Pr\u00e9sident de la Transition malienne d\u2019\u0153uvrer avec son fr\u00e8re S.E. le Pr\u00e9sident de la R\u00e9publique Mohamed Ould Cheikh Ghazouani pour pr\u00e9server les relations d\u2019amiti\u00e9 et de fraternit\u00e9 qui existent depuis longtemps entre la Mauritanie et le Mali.<\/p>\n<p>Il a ajout\u00e9 que la lettre comprenait \u00e9galement les remerciements et l\u2019appr\u00e9ciation du Pr\u00e9sident malien pour les positions du Pr\u00e9sident de la R\u00e9publique concernant l\u2019engagement de la Mauritanie \u00e0 pr\u00e9server l\u2019unit\u00e9 et l\u2019int\u00e9grit\u00e9 territoriale du Mali.<\/p>\n<p>Le chef de la diplomatie malienne a \u00e9galement abord\u00e9 la question de la communaut\u00e9 malienne en Mauritanie et la n\u00e9cessit\u00e9 de pr\u00e9server les int\u00e9r\u00eats des citoyens mauritaniens au Mali et vice-versa.<\/p>\n<p>A cet \u00e9gard, le ministre des Affaires \u00e9trang\u00e8res a soulign\u00e9 que la Mauritanie, en tant qu\u2019Etat souverain, a le droit de prendre toutes les mesures n\u00e9cessaires pour assurer sa s\u00e9curit\u00e9 et prot\u00e9ger ses citoyens, ajoutant qu\u2019il a re\u00e7u l\u2019assurance du Pr\u00e9sident de la R\u00e9publique Islamique de Mauritanie d\u2019accueillir les Maliens en Mauritanie et de leur accorder les facilit\u00e9s n\u00e9cessaires \u00e0 la r\u00e9gularisation de leur situation.<\/p>\n<p>Il a appel\u00e9 sa communaut\u00e9 \u00e0 prendre les mesures n\u00e9cessaires pour qu\u2019elle puisse obtenir des cartes de s\u00e9jour et se conformer aux lois mauritaniennes.<\/p>\n<p>L\u2019entretien s\u2019est d\u00e9roul\u00e9 en pr\u00e9sence de S.E. le Ministre charg\u00e9 du cabinet du Pr\u00e9sident de la R\u00e9publique, M. Nani Ould Chrougha, du ministre de la Justice, M. Mohamed Mahmoud Cheikh Abdallah Ould Boya, du Directeur G\u00e9n\u00e9ral de la S\u00fbret\u00e9 Nationale, le G\u00e9n\u00e9ral de division Mohamed Cheikh Mohamed Lemine, du Secr\u00e9taire g\u00e9n\u00e9ral du Minist\u00e8re des Affaires Etrang\u00e8res, de la Coop\u00e9ration Africaine et des Mauritaniens de l\u2019Ext\u00e9rieurr, M. Damane Ould Hammar, et de S.E. l\u2019Ambassadeur de notre pays accr\u00e9dit\u00e9 au Mali, M. Cheikhna Ould Neni.<\/p>\n<p>Ont \u00e9galement assist\u00e9 \u00e0 la rencontre, outre les membres de la d\u00e9l\u00e9gation malienne, l\u2019Ambassadeur de la R\u00e9publique du Mali \u00e0 Nouakchott, M. Bakary Doumbia, et l\u2019Ambassadeur Monsieur Moussa Kenneye KODIO, Directeur des Affaires Juridiques au Minist\u00e8re des Affaires Etrang\u00e8res du Mali.<br \/>\nAmi<\/p>\n","protected":false},"excerpt":{"rendered":"<p>S.E. le Pr\u00e9sident de la R\u00e9publique Mohamed Ould Cheikh El Ghazouani a re\u00e7u, jeudi apr\u00e8s-midi, au Palais pr\u00e9sidentiel, une d\u00e9l\u00e9gation gouvernementale de haut niveau de la R\u00e9publique s\u0153ur du Mali, conduite par le ministre des Affaires \u00e9trang\u00e8res, M. Abdoulaye Diop, et comprenant le ministre des Maliens de l\u2019ext\u00e9rieur, M. Moussa Agh Tahir, et le ministre &hellip;<\/p>\n","protected":false},"author":2,"featured_media":14744,"comment_status":"open","ping_status":"open","sticky":false,"template":"","format":"standard","meta":{"footnotes":""},"categories":[18,29],"tags":[],"class_list":["post-14743","post","type-post","status-publish","format-standard","has-post-thumbnail","hentry","category-actualites","category-monde"],"_links":{"self":[{"href":"https:\/\/ladepeche.mr\/index.php?rest_route=\/wp\/v2\/posts\/14743","targetHints":{"allow":["GET"]}}],"collection":[{"href":"https:\/\/ladepeche.mr\/index.php?rest_route=\/wp\/v2\/posts"}],"about":[{"href":"https:\/\/ladepeche.mr\/index.php?rest_route=\/wp\/v2\/types\/post"}],"author":[{"embeddable":true,"href":"https:\/\/ladepeche.mr\/index.php?rest_route=\/wp\/v2\/users\/2"}],"replies":[{"embeddable":true,"href":"https:\/\/ladepeche.mr\/index.php?rest_route=%2Fwp%2Fv2%2Fcomments&post=14743"}],"version-history":[{"count":1,"href":"https:\/\/ladepeche.mr\/index.php?rest_route=\/wp\/v2\/posts\/14743\/revisions"}],"predecessor-version":[{"id":14745,"href":"https:\/\/ladepeche.mr\/index.php?rest_route=\/wp\/v2\/posts\/14743\/revisions\/14745"}],"wp:featuredmedia":[{"embeddable":true,"href":"https:\/\/ladepeche.mr\/index.php?rest_route=\/wp\/v2\/media\/14744"}],"wp:attachment":[{"href":"https:\/\/ladepeche.mr\/index.php?rest_route=%2Fwp%2Fv2%2Fmedia&parent=14743"}],"wp:term":[{"taxonomy":"category","embeddable":true,"href":"https:\/\/ladepeche.mr\/index.php?rest_route=%2Fwp%2Fv2%2Fcategories&post=14743"},{"taxonomy":"post_tag","embeddable":true,"href":"https:\/\/ladepeche.mr\/index.php?rest_route=%2Fwp%2Fv2%2Ftags&post=14743"}],"curies":[{"name":"wp","href":"https:\/\/api.w.org\/{rel}","templated":true}]}}