{"id":14746,"date":"2025-03-27T19:30:05","date_gmt":"2025-03-27T19:30:05","guid":{"rendered":"https:\/\/ladepeche.mr\/?p=14746"},"modified":"2025-03-27T18:50:47","modified_gmt":"2025-03-27T18:50:47","slug":"le-ministere-de-linterieur-lance-une-plateforme-numerique-pour-la-formation-et-la-gestion-des-partis-politiques","status":"publish","type":"post","link":"https:\/\/ladepeche.mr\/?p=14746","title":{"rendered":"Le minist\u00e8re de l\u2019Int\u00e9rieur lance une plateforme num\u00e9rique pour la formation et la gestion des partis politiques"},"content":{"rendered":"<p>Le ministre de l\u2019Int\u00e9rieur, de la Promotion de la D\u00e9centralisation et du D\u00e9veloppement local, Mohamed Ahmed Ould Mohamed Lemine, accompagn\u00e9 des ministres de la Transformation num\u00e9rique et de la Modernisation de l\u2019Administration, M. Ahmed Salem Bedda Tchagha, et M. El Housseine Ould Medu, ministre de la Culture, des Arts, de la Communication et des Relations avec le Parlement, le porte-parole du gouvernement, a supervis\u00e9, jeudi \u00e0 Nouakchott, le lancement d\u2019une plateforme num\u00e9rique pour la formation et la gestion des partis politiques.<\/p>\n<p>La mise en place de cette plateforme, con\u00e7ue en coop\u00e9ration entre les minist\u00e8res de l\u2019Int\u00e9rieur et de la Promotion de la D\u00e9centralisation, du D\u00e9veloppement local et la Transformation num\u00e9rique et de la Modernisation de l\u2019Administration, s\u2019inscrit dans le cadre des efforts en cours pour d\u00e9velopper le pluralisme d\u00e9mocratique dans le pays, simplifier les proc\u00e9dures li\u00e9es \u00e0 la formation des partis politiques, gagner du temps et promouvoir la justice et la transparence.<\/p>\n<p>Dans une allocution prononc\u00e9e \u00e0 cette occasion, le ministre de l\u2019Int\u00e9rieur, de la D\u00e9centralisation et du D\u00e9veloppement local a indiqu\u00e9 que le lancement de la \u2018\u2019Plateforme pour la Formation et la Gestion des Partis Politiques\u2019\u2019 s\u2019inscrit dans le cadre de la mise en \u0153uvre du programme de Son Excellence le Pr\u00e9sident de la R\u00e9publique, Monsieur Mohamed Ould Cheikh El Ghazouani, \u2018\u2019mon ambition pour la patrie\u2019\u2019, visant \u00e0 d\u00e9velopper le pluralisme d\u00e9mocratique dans le pays, et \u00e0 rapprocher le service des citoyens, que le gouvernement du Premier ministre Mokhtar Ould Djay, ex\u00e9cute dans le cadre de l\u2019option pour d\u00e9velopper la d\u00e9mocratie et de r\u00e9former et num\u00e9riser l\u2019administration.<\/p>\n<p>Il a ajout\u00e9 que cette plateforme a \u00e9t\u00e9 con\u00e7ue en coop\u00e9ration avec le minist\u00e8re de la Transformation num\u00e9rique et de la Modernisation de l\u2019Administration, assurant la simplification des proc\u00e9dures, le gain de temps et le renforcement de la justice et de la transparence, et qu\u2019il s\u2019agit d\u2019un outil qui rend le service de formation des partis politiques accessible aux acteurs politiques o\u00f9 qu\u2019ils se trouvent, m\u00eame via leurs t\u00e9l\u00e9phones portables ou aux bureaux d\u2019accueil des citoyens de l\u2019Agence nationale du registre de la population et des documents s\u00e9curis\u00e9s, pr\u00e9sents sur tout le territoire national, il s\u2019agit donc d\u2019une \u00e9tape suppl\u00e9mentaire dans la consolidation du pluralisme d\u00e9mocratique dans le pays. .<\/p>\n<p>Le ministre a indiqu\u00e9 qu\u2019en modifiant la loi sur les partis politiques, le l\u00e9gislateur mauritanien a tenu \u00e0 l\u2019actualiser les proc\u00e9dures en fonction des transformations op\u00e9r\u00e9es, tout en apportant des garanties qui pr\u00e9servent le r\u00f4le cl\u00e9 des partis dans la formation et l\u2019expression de la volont\u00e9 politique. Ces nouveaux textes sont adopt\u00e9s pour am\u00e9liorer le processus d\u00e9mocratique et contr\u00f4ler les m\u00e9canismes de fonctionnement des partis selon une vision claire et efficace, en tenant compte de la diff\u00e9rence entre les deux contextes, l\u2019ancien texte sur les partis politiques promulgu\u00e9 en 1991, et le texte actualis\u00e9 introduisant des profondes transformations dans divers domaines.<\/p>\n<p>Il a indiqu\u00e9 qu\u2019avec la volont\u00e9 politique de Son Excellence le Pr\u00e9sident de la R\u00e9publique, Monsieur Mohamed Ould Cheikh El Ghazouani, et afin de r\u00e9former la loi sur les partis, un processus consultatif large et minutieux a \u00e9t\u00e9 lanc\u00e9, ce qui permettra d\u2019atteindre les objectifs suivants :<\/p>\n<p>1. Assainir la sc\u00e8ne politique afin que le parti dispose d\u2019une \u00e9lite politique et intellectuelle, capable de produire des id\u00e9es et des perceptions couvrant tous les domaines de la vie ;<\/p>\n<p>2. Le parti doit disposer d\u2019une base \u00e9lectorale qui assure sa pr\u00e9sence permanente sur les sc\u00e8nes \u00e9lectorales locales et r\u00e9gionales, ainsi qu\u2019au niveau du parlement ;<\/p>\n<p>3. Le Parti doit disposer de ressources financi\u00e8res couvrant ses diverses activit\u00e9s ;<\/p>\n<p>4. La direction et les formations \u00e9lectorales du Parti doivent refl\u00e9ter la diversit\u00e9 sociale et g\u00e9ographique du pays.<\/p>\n<p>Le lancement de la plateforme s\u2019est d\u00e9roul\u00e9 en pr\u00e9sence du secr\u00e9taire g\u00e9n\u00e9ral du minist\u00e8re de l\u2019Int\u00e9rieur, de la D\u00e9centralisation et du D\u00e9veloppement local, M. Abderrahmane Ould El Hassen, du directeur de cabinet du ministre d\u00e9l\u00e9gu\u00e9 aupr\u00e8s du ministre de l\u2019Int\u00e9rieur charg\u00e9 de la Promotion de la D\u00e9centralisation et du D\u00e9veloppement local, M. Hamza Ould Amar, au c\u00f4t\u00e9 de nombre de pr\u00e9sidents et repr\u00e9sentants de partis politiques et de responsables centraux dans les d\u00e9partements de l\u2019Int\u00e9rieur, de la Promotion de la d\u00e9centralisation et du D\u00e9veloppement local, de la Transformation num\u00e9rique et de la Modernisation de l\u2019Administration et du minist\u00e8re d\u00e9l\u00e9gu\u00e9 aupr\u00e8s du ministre de l\u2019Int\u00e9rieur charg\u00e9 de la Promotion de la D\u00e9centralisation et du D\u00e9veloppement local.<br \/>\nAmi<\/p>\n","protected":false},"excerpt":{"rendered":"<p>Le ministre de l\u2019Int\u00e9rieur, de la Promotion de la D\u00e9centralisation et du D\u00e9veloppement local, Mohamed Ahmed Ould Mohamed Lemine, accompagn\u00e9 des ministres de la Transformation num\u00e9rique et de la Modernisation de l\u2019Administration, M. Ahmed Salem Bedda Tchagha, et M. El Housseine Ould Medu, ministre de la Culture, des Arts, de la Communication et des Relations &hellip;<\/p>\n","protected":false},"author":2,"featured_media":14747,"comment_status":"open","ping_status":"open","sticky":false,"template":"","format":"standard","meta":{"footnotes":""},"categories":[18,31],"tags":[],"class_list":["post-14746","post","type-post","status-publish","format-standard","has-post-thumbnail","hentry","category-actualites","category-politique-et-reportages"],"_links":{"self":[{"href":"https:\/\/ladepeche.mr\/index.php?rest_route=\/wp\/v2\/posts\/14746","targetHints":{"allow":["GET"]}}],"collection":[{"href":"https:\/\/ladepeche.mr\/index.php?rest_route=\/wp\/v2\/posts"}],"about":[{"href":"https:\/\/ladepeche.mr\/index.php?rest_route=\/wp\/v2\/types\/post"}],"author":[{"embeddable":true,"href":"https:\/\/ladepeche.mr\/index.php?rest_route=\/wp\/v2\/users\/2"}],"replies":[{"embeddable":true,"href":"https:\/\/ladepeche.mr\/index.php?rest_route=%2Fwp%2Fv2%2Fcomments&post=14746"}],"version-history":[{"count":1,"href":"https:\/\/ladepeche.mr\/index.php?rest_route=\/wp\/v2\/posts\/14746\/revisions"}],"predecessor-version":[{"id":14748,"href":"https:\/\/ladepeche.mr\/index.php?rest_route=\/wp\/v2\/posts\/14746\/revisions\/14748"}],"wp:featuredmedia":[{"embeddable":true,"href":"https:\/\/ladepeche.mr\/index.php?rest_route=\/wp\/v2\/media\/14747"}],"wp:attachment":[{"href":"https:\/\/ladepeche.mr\/index.php?rest_route=%2Fwp%2Fv2%2Fmedia&parent=14746"}],"wp:term":[{"taxonomy":"category","embeddable":true,"href":"https:\/\/ladepeche.mr\/index.php?rest_route=%2Fwp%2Fv2%2Fcategories&post=14746"},{"taxonomy":"post_tag","embeddable":true,"href":"https:\/\/ladepeche.mr\/index.php?rest_route=%2Fwp%2Fv2%2Ftags&post=14746"}],"curies":[{"name":"wp","href":"https:\/\/api.w.org\/{rel}","templated":true}]}}