{"id":14751,"date":"2025-03-27T21:00:48","date_gmt":"2025-03-27T21:00:48","guid":{"rendered":"https:\/\/ladepeche.mr\/?p=14751"},"modified":"2025-03-27T19:12:44","modified_gmt":"2025-03-27T19:12:44","slug":"mauritanie-cest-un-leurre-un-candidat-a-la-derniere-presidentielle-rejette-loffre-de-dialogue-du-chef-de-letat","status":"publish","type":"post","link":"https:\/\/ladepeche.mr\/?p=14751","title":{"rendered":"Mauritanie. \u00abC\u2019est un leurre\u00bb: un candidat \u00e0 la derni\u00e8re pr\u00e9sidentielle rejette l\u2019offre de dialogue du chef de l\u2019\u00c9tat"},"content":{"rendered":"<p>Apr\u00e8s une s\u00e9rie de concertations entre le pr\u00e9sident Mohamed Cheikh El Ghazouani et plusieurs figures de la classe politique, la Mauritanie se dirige vers un dialogue national. Cependant, le principal opposant au r\u00e9gime, Biram Dah Abeid, ne sera pas de la partie. Aucune date n\u2019a encore \u00e9t\u00e9 avanc\u00e9e pour la tenue de ce dialogue.<br \/>\nDe nombreux obstacles se dressent sur le chemin devant conduire \u00e0 la tenue d\u2019un dialogue national pr\u00f4n\u00e9 par le pr\u00e9sident Mohamed Cheikh El Ghazouani. Dernier en date, le refus de Biram Dah Abeid, d\u00e9put\u00e9, leader de l\u2019Initiative de R\u00e9surgence du mouvement Abolitionniste (IRA), arriv\u00e9 deuxi\u00e8me \u00e0 l\u2019\u00e9lection pr\u00e9sidentielle du 29 juin 2024, militant anti-esclavage, d\u00e9put\u00e9 et principale figure de l\u2019opposition au r\u00e9gime, a fait savoir qu\u2019il ne prendra pas part \u00e0 ces concertations.<\/p>\n<p>Il consid\u00e8re la proposition du pr\u00e9sident de la R\u00e9publique de tenir un dialogue inclusif comme \u00abun leurre\u00bb et exige des pr\u00e9alables et des garanties parmi lesquels la reconnaissance du parti de la Refondation par une Action Globale (RAG), non encore reconnue depuis plusieurs ann\u00e9es.<\/p>\n<p>Le d\u00e9put\u00e9 consid\u00e8re \u00abla proposition de dialogue du pr\u00e9sident Mohamed Cheikh El Ghazouani comme une r\u00e9p\u00e9tition des initiatives similaires pr\u00e9c\u00e9dentes, un dictat. Une invitation sur un terrain min\u00e9, avec des m\u00e9canismes biais\u00e9s, qui attire la pauvre opposition \u00e0 chaque fois. Donc, moi je n\u2019y vais pas tant que le pouvoir n\u2019a pas d\u00e9montr\u00e9 qu\u2019il s\u2019agit d\u2019un dialogue nouveau, une vraie concertation digne de ce nom. On ne peut pas appeler au dialogue alors qu\u2019on pi\u00e9tine les r\u00e8gles \u00e9l\u00e9mentaires de d\u00e9mocratie. Vous nous privez de partis politiques, vous nous interdisez d\u2019appara\u00eetre dans les m\u00e9dias publics, b\u00e2illonnez les m\u00e9dias priv\u00e9s\u00bb.<\/p>\n<p>Il estime le dialogue \u00abimpossible\u00bb dans un tel contexte. Pour rappel, Moussa Fall, haut cadre de l\u2019administration et figure marquante de la sc\u00e8ne politique depuis les ann\u00e9es 1990, a \u00e9t\u00e9 d\u00e9sign\u00e9 par le pr\u00e9sident de la R\u00e9publique coordinateur de ces futures consultations, auxquelles le pouvoir voudrait donner un caract\u00e8re large et inclusif. Avec le refus de Birame, ce dialogue perd quelque peu de sa pertinence.<\/p>\n<p>Dans son discours d\u2019investiture au d\u00e9but du mois d\u2019ao\u00fbt dernier, Ould Ghazouani avait fait part de son intention d\u2019organiser un \u00abdialogue national inclusif.\u00bb Depuis, plusieurs r\u00e9unions pr\u00e9paratives entre partis politiques et gouvernement ont eu lieu pour l\u2019organisation de ce d\u00e9bat pour lequel aucune date n\u2019a encore \u00e9t\u00e9 avanc\u00e9e.<\/p>\n<p>Par Amadou Seck (Nouakchott, correspondance)<\/p>\n","protected":false},"excerpt":{"rendered":"<p>Apr\u00e8s une s\u00e9rie de concertations entre le pr\u00e9sident Mohamed Cheikh El Ghazouani et plusieurs figures de la classe politique, la Mauritanie se dirige vers un dialogue national. Cependant, le principal opposant au r\u00e9gime, Biram Dah Abeid, ne sera pas de la partie. Aucune date n\u2019a encore \u00e9t\u00e9 avanc\u00e9e pour la tenue de ce dialogue. De &hellip;<\/p>\n","protected":false},"author":2,"featured_media":14752,"comment_status":"open","ping_status":"open","sticky":false,"template":"","format":"standard","meta":{"footnotes":""},"categories":[18,31],"tags":[],"class_list":["post-14751","post","type-post","status-publish","format-standard","has-post-thumbnail","hentry","category-actualites","category-politique-et-reportages"],"_links":{"self":[{"href":"https:\/\/ladepeche.mr\/index.php?rest_route=\/wp\/v2\/posts\/14751","targetHints":{"allow":["GET"]}}],"collection":[{"href":"https:\/\/ladepeche.mr\/index.php?rest_route=\/wp\/v2\/posts"}],"about":[{"href":"https:\/\/ladepeche.mr\/index.php?rest_route=\/wp\/v2\/types\/post"}],"author":[{"embeddable":true,"href":"https:\/\/ladepeche.mr\/index.php?rest_route=\/wp\/v2\/users\/2"}],"replies":[{"embeddable":true,"href":"https:\/\/ladepeche.mr\/index.php?rest_route=%2Fwp%2Fv2%2Fcomments&post=14751"}],"version-history":[{"count":1,"href":"https:\/\/ladepeche.mr\/index.php?rest_route=\/wp\/v2\/posts\/14751\/revisions"}],"predecessor-version":[{"id":14753,"href":"https:\/\/ladepeche.mr\/index.php?rest_route=\/wp\/v2\/posts\/14751\/revisions\/14753"}],"wp:featuredmedia":[{"embeddable":true,"href":"https:\/\/ladepeche.mr\/index.php?rest_route=\/wp\/v2\/media\/14752"}],"wp:attachment":[{"href":"https:\/\/ladepeche.mr\/index.php?rest_route=%2Fwp%2Fv2%2Fmedia&parent=14751"}],"wp:term":[{"taxonomy":"category","embeddable":true,"href":"https:\/\/ladepeche.mr\/index.php?rest_route=%2Fwp%2Fv2%2Fcategories&post=14751"},{"taxonomy":"post_tag","embeddable":true,"href":"https:\/\/ladepeche.mr\/index.php?rest_route=%2Fwp%2Fv2%2Ftags&post=14751"}],"curies":[{"name":"wp","href":"https:\/\/api.w.org\/{rel}","templated":true}]}}