{"id":14756,"date":"2025-03-28T12:24:25","date_gmt":"2025-03-28T12:24:25","guid":{"rendered":"https:\/\/ladepeche.mr\/?p=14756"},"modified":"2025-03-28T12:24:25","modified_gmt":"2025-03-28T12:24:25","slug":"au-soudan-du-sud-larrestation-du-vice-president-riek-machar-fait-craindre-le-retour-de-la-guerre","status":"publish","type":"post","link":"https:\/\/ladepeche.mr\/?p=14756","title":{"rendered":"Au Soudan du Sud, l\u2019arrestation du vice-pr\u00e9sident Riek Machar fait craindre le retour de la guerre"},"content":{"rendered":"<p>Le num\u00e9ro deux du pays a \u00e9t\u00e9 arr\u00eat\u00e9 par les forces du pr\u00e9sident Salva Kiir. Les deux hommes \u00e9taient auparavant au c\u0153ur d\u2019une rivalit\u00e9 politique qui avait plong\u00e9 le tout jeune \u00c9tat dans une guerre civile entre 2013 et 2018, date \u00e0 laquelle un accord de paix avait \u00e9t\u00e9 sign\u00e9.<\/p>\n<p>L\u2019accord de partage du pouvoir entre les \u00e9ternels adversaires sud-soudanais semble bel et bien enterr\u00e9. Le 26 mars, les forces de s\u00e9curit\u00e9 sous les ordres de Salva Kiir, le pr\u00e9sident du Soudan du Sud, ont arr\u00eat\u00e9 le vice-pr\u00e9sident, Riek Machar, \u00e0 Juba, la capitale. D\u2019apr\u00e8s un communiqu\u00e9 du Mouvement populaire de lib\u00e9ration du Soudan en opposition (SPLM-IO), le parti de Riek Machar, des v\u00e9hicules lourdement arm\u00e9s, conduits par le ministre de la D\u00e9fense et le chef de la s\u00e9curit\u00e9 nationale, ont \u00ab p\u00e9n\u00e9tr\u00e9 de force dans la r\u00e9sidence du vice-pr\u00e9sident \u00bb, qui a \u00e9\u00e9 arr\u00eat\u00e9, ainsi que son \u00e9pouse.<br \/>\nLe communiqu\u00e9 pr\u00e9cise que tous ses employ\u00e9s et les membres de sa protection rapproch\u00e9e ont \u00e9t\u00e9 appr\u00e9hend\u00e9s avec lui. Le 26 mars dans la soir\u00e9e, le SPLM-IO a, dans un autre communiqu\u00e9 partag\u00e9 sur Facebook par Reath Muoch Tang, responsable des relations ext\u00e9rieures de ce parti, \u00ab condamn\u00e9 fermement les actes inconstitutionnels commis par le ministre de la D\u00e9fense et par le chef de la s\u00e9curit\u00e9 nationale \u00bb. Ces \u00e9v\u00e9nements ont eu lieu apr\u00e8s une journ\u00e9e marqu\u00e9e par des tirs d\u2019artillerie pr\u00e8s de Juba.<\/p>\n<p>L\u2019inqui\u00e9tude de l\u2019ONU<br \/>\nL\u2019opposition a par ailleurs annonc\u00e9 que l\u2019arrestation de Riek Machar mettait fin, \u00e0 ses yeux, \u00e0 l\u2019accord de paix qui avait \u00e9t\u00e9 sign\u00e9 en 2018 sous l\u2019\u00e9gide du Premier ministre \u00e9thiopien, Abiy Ahmed. \u00ab Cette d\u00e9cision du pr\u00e9sident Salva Kiir constitue une tromperie, une rupture de promesse, le non-respect d\u2019un accord, un manque de volont\u00e9 politique d\u2019apporter la paix et la stabilit\u00e9 au pays \u00bb, s\u2019est indign\u00e9 le SPLM-IO, pour qui l\u2019accord est d\u00e9sormais \u00ab abrog\u00e9 \u00bb.<br \/>\nLa caducit\u00e9 de cet accord de paix \u00ab ne d\u00e9vasterait pas seulement le Soudan du Sud, mais affecterait aussi toute la r\u00e9gion \u00bb, s\u2019est alarm\u00e9 le soir-m\u00eame Nicholas Haysom, chef de la Mission des Nations unies au Soudan du Sud (Minuss). \u00ab Les dirigeants du Soudan du Sud sont sur le point de faire retomber leur pays dans un conflit g\u00e9n\u00e9ralis\u00e9 \u00bb, a-t-il ajout\u00e9. Le pr\u00e9c\u00e9dent avait fait 400 000 morts.<\/p>\n<p>Lire la suite sur https:\/\/www.msn.com\/fr-xl\/actualite\/other\/au-soudan-du-sud-l-arrestation-du-vice-pr%C3%A9sident-riek-machar-fait-craindre-le-retour-de-la-guerre\/ar-AA1BMbx1?ocid=msedgdhp&#038;pc=U531&#038;cvid=b717c379eca540b9be7d3196333e7cd2&#038;ei=15<\/p>\n","protected":false},"excerpt":{"rendered":"<p>Le num\u00e9ro deux du pays a \u00e9t\u00e9 arr\u00eat\u00e9 par les forces du pr\u00e9sident Salva Kiir. Les deux hommes \u00e9taient auparavant au c\u0153ur d\u2019une rivalit\u00e9 politique qui avait plong\u00e9 le tout jeune \u00c9tat dans une guerre civile entre 2013 et 2018, date \u00e0 laquelle un accord de paix avait \u00e9t\u00e9 sign\u00e9. L\u2019accord de partage du pouvoir &hellip;<\/p>\n","protected":false},"author":2,"featured_media":14757,"comment_status":"open","ping_status":"open","sticky":false,"template":"","format":"standard","meta":{"footnotes":""},"categories":[18,29],"tags":[],"class_list":["post-14756","post","type-post","status-publish","format-standard","has-post-thumbnail","hentry","category-actualites","category-monde"],"_links":{"self":[{"href":"https:\/\/ladepeche.mr\/index.php?rest_route=\/wp\/v2\/posts\/14756","targetHints":{"allow":["GET"]}}],"collection":[{"href":"https:\/\/ladepeche.mr\/index.php?rest_route=\/wp\/v2\/posts"}],"about":[{"href":"https:\/\/ladepeche.mr\/index.php?rest_route=\/wp\/v2\/types\/post"}],"author":[{"embeddable":true,"href":"https:\/\/ladepeche.mr\/index.php?rest_route=\/wp\/v2\/users\/2"}],"replies":[{"embeddable":true,"href":"https:\/\/ladepeche.mr\/index.php?rest_route=%2Fwp%2Fv2%2Fcomments&post=14756"}],"version-history":[{"count":1,"href":"https:\/\/ladepeche.mr\/index.php?rest_route=\/wp\/v2\/posts\/14756\/revisions"}],"predecessor-version":[{"id":14758,"href":"https:\/\/ladepeche.mr\/index.php?rest_route=\/wp\/v2\/posts\/14756\/revisions\/14758"}],"wp:featuredmedia":[{"embeddable":true,"href":"https:\/\/ladepeche.mr\/index.php?rest_route=\/wp\/v2\/media\/14757"}],"wp:attachment":[{"href":"https:\/\/ladepeche.mr\/index.php?rest_route=%2Fwp%2Fv2%2Fmedia&parent=14756"}],"wp:term":[{"taxonomy":"category","embeddable":true,"href":"https:\/\/ladepeche.mr\/index.php?rest_route=%2Fwp%2Fv2%2Fcategories&post=14756"},{"taxonomy":"post_tag","embeddable":true,"href":"https:\/\/ladepeche.mr\/index.php?rest_route=%2Fwp%2Fv2%2Ftags&post=14756"}],"curies":[{"name":"wp","href":"https:\/\/api.w.org\/{rel}","templated":true}]}}