{"id":14759,"date":"2025-03-28T12:31:08","date_gmt":"2025-03-28T12:31:08","guid":{"rendered":"https:\/\/ladepeche.mr\/?p=14759"},"modified":"2025-03-28T12:31:08","modified_gmt":"2025-03-28T12:31:08","slug":"gorgol-atelier-pour-promouvoir-les-chaines-de-production-agro-pastorales","status":"publish","type":"post","link":"https:\/\/ladepeche.mr\/?p=14759","title":{"rendered":"Gorgol : Atelier pour promouvoir les cha\u00eenes de production agro-pastorales"},"content":{"rendered":"<p>Un atelier de formation sur la promotion et le d\u00e9veloppement de cha\u00eenes de production agricole et pastorale diversifi\u00e9es, inclusives et durables dans la wilaya du Gorgol, organis\u00e9 par le projet Action contre la faim financ\u00e9 par l\u2019Agence espagnole de coop\u00e9ration internationale (AECI), a d\u00e9but\u00e9, jeudi, \u00e0 l\u2019h\u00f4tel Yowti \u00e0 Ka\u00e9di.<\/p>\n<p>L\u2019atelier vise \u00e0 soutenir le d\u00e9veloppement socio-\u00e9conomique et l\u2019autonomisation des femmes en am\u00e9liorant les performances des secteurs agricole et pastoral dans la wilaya, dans le cadre des efforts visant \u00e0 renforcer la s\u00e9curit\u00e9 alimentaire et \u00e0 relever les d\u00e9fis du changement climatique.<\/p>\n<p>Dans son discours, le wali mou\u00e7ai du Gorgol, M. Ahmed Bezeid Ould Ahmed Yacoub, a soulign\u00e9 l\u2019importance de ce projet, notant que le pays, comme d\u2019autres pays d\u2019Afrique sah\u00e9lienne, souffre des effets du changement climatique, notamment des inondations, des s\u00e9cheresses et des feux de brousse. Il a \u00e9galement attir\u00e9 l\u2019attention sur la pression exerc\u00e9e sur les ressources pastorales et les sources d\u2019eau dans la wilaya, en particulier pendant l\u2019\u00e9t\u00e9, notant que le taux de croissance \u00e9conomique, bien qu\u2019en am\u00e9lioration, est encore insuffisant pour lutter contre le ch\u00f4mage et les in\u00e9galit\u00e9s sociales.<\/p>\n<p>Il a expliqu\u00e9 que le gouvernement mauritanien a adopt\u00e9 la Strat\u00e9gie nationale de croissance acc\u00e9l\u00e9r\u00e9e et de prosp\u00e9rit\u00e9 partag\u00e9e (SCAPP 2016-2030) pour relever ces d\u00e9fis, soulignant l\u2019importance des projets qui contribuent au d\u00e9veloppement local et \u00e0 la d\u00e9centralisation, tels que le projet Action contre la faim, qui vise \u00e0 d\u00e9velopper des populations agricoles et pastorales durables \u00e0 Gorgol.<\/p>\n<p>Pour sa part, le pr\u00e9sident d\u2019Action contre la faim, Boniface Kitumba, a soulign\u00e9 que le projet vise \u00e0 am\u00e9liorer les conditions de vie des groupes vuln\u00e9rables dans les moughataas de Ka\u00e9di et de Lexeiba, en soutenant les syst\u00e8mes de production agricole et pastorale, en fournissant de l\u2019eau et en contribuant \u00e0 la r\u00e9duction du ch\u00f4mage des jeunes.<\/p>\n<p>Le lancement de l\u2019atelier s\u2019est d\u00e9roul\u00e9 en pr\u00e9sence du vice-pr\u00e9sident de la r\u00e9gion du Gorgol, des hakems des moughataas de Ka\u00e9di et de Lexeiba, de l\u2019adjoint au maire de la commune de Ka\u00e9di, ainsi que des autorit\u00e9s s\u00e9curitaires du Gorgol.<\/p>\n<p>Ami<br \/>\nPhoto google<\/p>\n","protected":false},"excerpt":{"rendered":"<p>Un atelier de formation sur la promotion et le d\u00e9veloppement de cha\u00eenes de production agricole et pastorale diversifi\u00e9es, inclusives et durables dans la wilaya du Gorgol, organis\u00e9 par le projet Action contre la faim financ\u00e9 par l\u2019Agence espagnole de coop\u00e9ration internationale (AECI), a d\u00e9but\u00e9, jeudi, \u00e0 l\u2019h\u00f4tel Yowti \u00e0 Ka\u00e9di. L\u2019atelier vise \u00e0 soutenir le &hellip;<\/p>\n","protected":false},"author":2,"featured_media":14760,"comment_status":"open","ping_status":"open","sticky":false,"template":"","format":"standard","meta":{"footnotes":""},"categories":[18,2],"tags":[],"class_list":["post-14759","post","type-post","status-publish","format-standard","has-post-thumbnail","hentry","category-actualites","category-economie"],"_links":{"self":[{"href":"https:\/\/ladepeche.mr\/index.php?rest_route=\/wp\/v2\/posts\/14759","targetHints":{"allow":["GET"]}}],"collection":[{"href":"https:\/\/ladepeche.mr\/index.php?rest_route=\/wp\/v2\/posts"}],"about":[{"href":"https:\/\/ladepeche.mr\/index.php?rest_route=\/wp\/v2\/types\/post"}],"author":[{"embeddable":true,"href":"https:\/\/ladepeche.mr\/index.php?rest_route=\/wp\/v2\/users\/2"}],"replies":[{"embeddable":true,"href":"https:\/\/ladepeche.mr\/index.php?rest_route=%2Fwp%2Fv2%2Fcomments&post=14759"}],"version-history":[{"count":1,"href":"https:\/\/ladepeche.mr\/index.php?rest_route=\/wp\/v2\/posts\/14759\/revisions"}],"predecessor-version":[{"id":14761,"href":"https:\/\/ladepeche.mr\/index.php?rest_route=\/wp\/v2\/posts\/14759\/revisions\/14761"}],"wp:featuredmedia":[{"embeddable":true,"href":"https:\/\/ladepeche.mr\/index.php?rest_route=\/wp\/v2\/media\/14760"}],"wp:attachment":[{"href":"https:\/\/ladepeche.mr\/index.php?rest_route=%2Fwp%2Fv2%2Fmedia&parent=14759"}],"wp:term":[{"taxonomy":"category","embeddable":true,"href":"https:\/\/ladepeche.mr\/index.php?rest_route=%2Fwp%2Fv2%2Fcategories&post=14759"},{"taxonomy":"post_tag","embeddable":true,"href":"https:\/\/ladepeche.mr\/index.php?rest_route=%2Fwp%2Fv2%2Ftags&post=14759"}],"curies":[{"name":"wp","href":"https:\/\/api.w.org\/{rel}","templated":true}]}}