{"id":1476,"date":"2022-08-17T15:30:04","date_gmt":"2022-08-17T15:30:04","guid":{"rendered":"https:\/\/ladepeche.mr\/?p=1476"},"modified":"2022-08-17T15:41:00","modified_gmt":"2022-08-17T15:41:00","slug":"tchad-le-gouvernement-de-transition-et-une-quarantaine-de-groupes-rebelles-signent-un-accord-pour-un-dialogue-national","status":"publish","type":"post","link":"https:\/\/ladepeche.mr\/?p=1476","title":{"rendered":"Tchad : le gouvernement de Transition et une quarantaine de groupes rebelles signent un accord pour un dialogue national"},"content":{"rendered":"<p class=\"texte textearticle\"><strong>Les autorit\u00e9s de Transition proposent aux rebelles un cessez-le-feu et des garanties de s\u00e9curit\u00e9. Mais l\u2019accord n\u2019a pas \u00e9t\u00e9 sign\u00e9 par le mouvement rebelle qui a \u00e9t\u00e9 \u00e0 l\u2019origine de l\u2019offensive ayant co\u00fbt\u00e9 la vie \u00e0 l\u2019ancien pr\u00e9sident Idriss D\u00e9by Itno.\u00a0<\/strong><\/p>\n<p class=\"texte textearticle\">Le pouvoir militaire tchadien a sign\u00e9, ce lundi 8 ao\u00fbt, un accord au Qatar avec une quarantaine de groupes rebelles et de mouvements d\u2019opposition sur le lancement d\u2019un dialogue national le 20 ao\u00fbt \u00e0 N&#8217;Djamena.<\/p>\n<p class=\"texte textearticle\">L\u2019accord a \u00e9t\u00e9 paraph\u00e9 par le chef de la Transition, Mahamat Idriss D\u00e9by Itno (photo), qui s\u2019est rendu en personne \u00e0 Doha pour participer aux ultimes tractations.<\/p>\n<p class=\"texte textearticle\">Selon les termes de l\u2019accord, les autorit\u00e9s de Transition proposent aux groupes rebelles un cessez-le-feu et des garanties de s\u00e9curit\u00e9. Le gouvernement militaire a \u00e9galement accept\u00e9 de\u00a0<em>\u00ab\u00a0ne mener aucune op\u00e9ration militaire ou polici\u00e8re contre les groupes signataires, dans les pays voisins\u00a0\u00bb.<\/em><\/p>\n<p class=\"texte textearticle\">Le Front pour l&#8217;alternance et la concorde au Tchad (FACT), l&#8217;un des principaux groupes rebelles, n&#8217;a cependant pas sign\u00e9 l&#8217;accord portant sur les conditions pr\u00e9alables \u00e0 un dialogue national inclusif.<\/p>\n<p class=\"texte textearticle\">Le FACT avait annonc\u00e9, le dimanche 7 ao\u00fbt, qu\u2019il rejetait le projet d\u2019accord de Doha.<\/p>\n<p class=\"texte textearticle\"><em>\u00ab\u00a0Ce rejet est concomitant \u00e0 la non prise en compte de nos revendications qui sont, entre autres, la parit\u00e9 des d\u00e9l\u00e9gu\u00e9s au dialogue national inclusif souverain (DNIS), la mise en place d\u2019un nouveau comit\u00e9 d\u2019organisation du dialogue national inclusif (CODNI), la lib\u00e9ration des prisonniers \u00e0 compter de la signature de l\u2019accord et la modification de la charte de transition\u00a0\u00bb,<\/em>\u00a0a indiqu\u00e9 le porte-parole du mouvement rebelle, Issa Ahmat.<\/p>\n<p class=\"texte textearticle\">Le Qatar qui parraine le pr\u00e9-dialogue tchadien depuis mars dernier, ne d\u00e9sesp\u00e8re pas cependant de convaincre ce groupe rebelle qui a \u00e9t\u00e9 \u00e0 l\u2019origine de l\u2019offensive ayant co\u00fbt\u00e9 la vie \u00e0 l\u2019ancien pr\u00e9sident Idriss D\u00e9by Into.<\/p>\n<p class=\"texte textearticle\"><em>\u00ab\u00a0Nous esp\u00e9rons que d&#8217;autres groupes se joignent \u00e0 la marche de la r\u00e9conciliation et de la paix, en vue de r\u00e9aliser les aspirations et les r\u00eaves du peuple tchadien\u00a0\u00bb,<\/em>\u00a0a d\u00e9clar\u00e9 le ministre qatari des Affaires \u00e9trang\u00e8res, Sheikh Mohammed bin Abdulrahman Al-Thani, devant les signataires de l\u2019accord.<\/p>\n<p class=\"texte textearticle\"><em>\u00ab\u00a0L&#8217;accord de paix initial que nous c\u00e9l\u00e9brons aujourd&#8217;hui constituera un tournant important vers la stabilit\u00e9 et la prosp\u00e9rit\u00e9 du peuple tchadien\u00a0\u00bb,<\/em>\u00a0a-t-il ajout\u00e9.<\/p>\n<p class=\"texte textearticle\">Apr\u00e8s la mort du pr\u00e9sident Idriss D\u00e9by Itno, tu\u00e9 au front contre les rebelles du FACT en avril 2021, son fils, Mahamat Idriss D\u00e9by Itno, a \u00e9t\u00e9 proclam\u00e9 pr\u00e9sident de la Transition \u00e0 la t\u00eate d&#8217;un Conseil militaire de quinze g\u00e9n\u00e9raux.<\/p>\n<p class=\"texte textearticle\">Il avait alors promis des \u00e9lections libres et d\u00e9mocratiques dans un d\u00e9lai de 18 mois, apr\u00e8s un\u00a0<em>\u00ab\u00a0dialogue national inclusif\u00a0\u00bb<\/em>\u00a0avec l&#8217;opposition politique et plusieurs dizaines de groupes rebelles arm\u00e9s. Lors de ce dialogue national, les participants devront notamment d\u00e9cider de l&#8217;organisation de l&#8217;\u00e9lection pr\u00e9sidentielle en octobre prochain.<\/p>\n<p class=\"texte textearticle\">Le g\u00e9n\u00e9ral Mahamat Idriss D\u00e9by Itno laisse planer le doute sur un report de ce scrutin de 18 mois, mais la France, l&#8217;Union africaine et l&#8217;Union europ\u00e9enne le pressent de ne pas toucher au calendrier qu\u2019il avait annonc\u00e9.<\/p>\n<p class=\"texte textearticle\">Lors des n\u00e9gociations \u00e0 Doha, les groupes rebelles ont demand\u00e9 au pr\u00e9sident d\u2019annoncer publiquement qu&#8217;il ne se pr\u00e9senterait pas \u00e0 la prochaine pr\u00e9sidentielle, mais le comit\u00e9 militaire a estim\u00e9 que cette d\u00e9cision ne peut \u00eatre prise que dans le cadre du dialogue national inclusif.<\/p>\n<p>https:\/\/www.agenceecofin.com\/actualites\/0808-100310-tchad-le-gouvernement-de-transition-et-une-quarantaine-de-groupes-rebelles-signent-un-accord-pour-un-dialogue-national<\/p>\n","protected":false},"excerpt":{"rendered":"<p>Les autorit\u00e9s de Transition proposent aux rebelles un cessez-le-feu et des garanties de s\u00e9curit\u00e9. Mais l\u2019accord n\u2019a pas \u00e9t\u00e9 sign\u00e9 par le mouvement rebelle qui a \u00e9t\u00e9 \u00e0 l\u2019origine de l\u2019offensive ayant co\u00fbt\u00e9 la vie \u00e0 l\u2019ancien pr\u00e9sident Idriss D\u00e9by Itno.\u00a0 Le pouvoir militaire tchadien a sign\u00e9, ce lundi 8 ao\u00fbt, un accord au Qatar &hellip;<\/p>\n","protected":false},"author":2,"featured_media":1477,"comment_status":"open","ping_status":"open","sticky":false,"template":"","format":"standard","meta":{"footnotes":""},"categories":[18,28],"tags":[],"class_list":["post-1476","post","type-post","status-publish","format-standard","has-post-thumbnail","hentry","category-actualites","category-sahel"],"_links":{"self":[{"href":"https:\/\/ladepeche.mr\/index.php?rest_route=\/wp\/v2\/posts\/1476","targetHints":{"allow":["GET"]}}],"collection":[{"href":"https:\/\/ladepeche.mr\/index.php?rest_route=\/wp\/v2\/posts"}],"about":[{"href":"https:\/\/ladepeche.mr\/index.php?rest_route=\/wp\/v2\/types\/post"}],"author":[{"embeddable":true,"href":"https:\/\/ladepeche.mr\/index.php?rest_route=\/wp\/v2\/users\/2"}],"replies":[{"embeddable":true,"href":"https:\/\/ladepeche.mr\/index.php?rest_route=%2Fwp%2Fv2%2Fcomments&post=1476"}],"version-history":[{"count":2,"href":"https:\/\/ladepeche.mr\/index.php?rest_route=\/wp\/v2\/posts\/1476\/revisions"}],"predecessor-version":[{"id":1481,"href":"https:\/\/ladepeche.mr\/index.php?rest_route=\/wp\/v2\/posts\/1476\/revisions\/1481"}],"wp:featuredmedia":[{"embeddable":true,"href":"https:\/\/ladepeche.mr\/index.php?rest_route=\/wp\/v2\/media\/1477"}],"wp:attachment":[{"href":"https:\/\/ladepeche.mr\/index.php?rest_route=%2Fwp%2Fv2%2Fmedia&parent=1476"}],"wp:term":[{"taxonomy":"category","embeddable":true,"href":"https:\/\/ladepeche.mr\/index.php?rest_route=%2Fwp%2Fv2%2Fcategories&post=1476"},{"taxonomy":"post_tag","embeddable":true,"href":"https:\/\/ladepeche.mr\/index.php?rest_route=%2Fwp%2Fv2%2Ftags&post=1476"}],"curies":[{"name":"wp","href":"https:\/\/api.w.org\/{rel}","templated":true}]}}