{"id":14762,"date":"2025-03-28T13:00:29","date_gmt":"2025-03-28T13:00:29","guid":{"rendered":"https:\/\/ladepeche.mr\/?p=14762"},"modified":"2025-03-28T12:39:17","modified_gmt":"2025-03-28T12:39:17","slug":"legypte-decele-des-signaux-positifs-dans-les-negociations-sur-le-cessez-le-feu-a-gaza","status":"publish","type":"post","link":"https:\/\/ladepeche.mr\/?p=14762","title":{"rendered":"L\u2019\u00c9gypte d\u00e9c\u00e8le des signaux positifs dans les n\u00e9gociations sur le cessez-le-feu \u00e0 Gaza"},"content":{"rendered":"<p>L\u2019Egypte, l\u2019un des m\u00e9diateurs dans les n\u00e9gociations sur le cessez-le-feu \u00e0 Gaza, a re\u00e7u des indications positives de la part d\u2019Isra\u00ebl sur une nouvelle proposition de cessez-le-feu qui inclurait une phase de transition, ont d\u00e9clar\u00e9 jeudi des sources de s\u00e9curit\u00e9 \u00e0 Reuters.<\/p>\n<p>Jeudi, une d\u00e9l\u00e9gation \u00e9gyptienne charg\u00e9e de la s\u00e9curit\u00e9 s\u2019est rendue au Qatar pour discuter de la lib\u00e9ration des otages, de l\u2019admission de l\u2019aide humanitaire dans la bande de Gaza et de la mise en place d\u2019une deuxi\u00e8me phase de cessez-le-feu, a rapport\u00e9 la cha\u00eene de t\u00e9l\u00e9vision publique \u00e9gyptienne Al Qahera.<br \/>\nL\u2019\u00c9gypte a pr\u00e9sent\u00e9 lundi une nouvelle proposition visant \u00e0 r\u00e9tablir l\u2019accord de cessez-le-feu \u00e0 Gaza, ont d\u00e9clar\u00e9 des sources de s\u00e9curit\u00e9 \u00e0 Reuters.<\/p>\n<p>Cette d\u00e9cision fait suite \u00e0 la reprise des combats par les forces de d\u00e9fense isra\u00e9liennes \u00e0 Gaza au d\u00e9but de la semaine derni\u00e8re.<\/p>\n<p>Le plan \u00e9gyptien pr\u00e9voit que Hamas lib\u00e8re cinq otages isra\u00e9liens par semaine, Isra\u00ebl mettant en \u0153uvre la deuxi\u00e8me phase du cessez-le-feu apr\u00e8s la premi\u00e8re semaine, ont d\u00e9clar\u00e9 deux sources de s\u00e9curit\u00e9.<\/p>\n<p>Les \u00c9tats-Unis et Hamas ont accept\u00e9 la proposition, ont d\u00e9clar\u00e9 les sources de s\u00e9curit\u00e9, mais Isra\u00ebl n\u2019a pas encore r\u00e9pondu, a rapport\u00e9 le Jerusalem Post.<br \/>\nhttps:\/\/www.msn.com\/fr-xl\/afrique-du-nord\/actualite\/l-%C3%A9gypte-d%C3%A9c%C3%A8le-des-signaux-positifs-dans-les-n%C3%A9gociations-sur-le-cessez-le-feu-%C3%A0-gaza\/ar-AA1BPvv1?ocid=msedgdhp&#038;pc=U531&#038;cvid=e7a1192e00c048b193f2f63a2b7ab4e9&#038;ei=74<\/p>\n","protected":false},"excerpt":{"rendered":"<p>L\u2019Egypte, l\u2019un des m\u00e9diateurs dans les n\u00e9gociations sur le cessez-le-feu \u00e0 Gaza, a re\u00e7u des indications positives de la part d\u2019Isra\u00ebl sur une nouvelle proposition de cessez-le-feu qui inclurait une phase de transition, ont d\u00e9clar\u00e9 jeudi des sources de s\u00e9curit\u00e9 \u00e0 Reuters. Jeudi, une d\u00e9l\u00e9gation \u00e9gyptienne charg\u00e9e de la s\u00e9curit\u00e9 s\u2019est rendue au Qatar pour &hellip;<\/p>\n","protected":false},"author":2,"featured_media":13466,"comment_status":"open","ping_status":"open","sticky":false,"template":"","format":"standard","meta":{"footnotes":""},"categories":[18,29],"tags":[],"class_list":["post-14762","post","type-post","status-publish","format-standard","has-post-thumbnail","hentry","category-actualites","category-monde"],"_links":{"self":[{"href":"https:\/\/ladepeche.mr\/index.php?rest_route=\/wp\/v2\/posts\/14762","targetHints":{"allow":["GET"]}}],"collection":[{"href":"https:\/\/ladepeche.mr\/index.php?rest_route=\/wp\/v2\/posts"}],"about":[{"href":"https:\/\/ladepeche.mr\/index.php?rest_route=\/wp\/v2\/types\/post"}],"author":[{"embeddable":true,"href":"https:\/\/ladepeche.mr\/index.php?rest_route=\/wp\/v2\/users\/2"}],"replies":[{"embeddable":true,"href":"https:\/\/ladepeche.mr\/index.php?rest_route=%2Fwp%2Fv2%2Fcomments&post=14762"}],"version-history":[{"count":1,"href":"https:\/\/ladepeche.mr\/index.php?rest_route=\/wp\/v2\/posts\/14762\/revisions"}],"predecessor-version":[{"id":14763,"href":"https:\/\/ladepeche.mr\/index.php?rest_route=\/wp\/v2\/posts\/14762\/revisions\/14763"}],"wp:featuredmedia":[{"embeddable":true,"href":"https:\/\/ladepeche.mr\/index.php?rest_route=\/wp\/v2\/media\/13466"}],"wp:attachment":[{"href":"https:\/\/ladepeche.mr\/index.php?rest_route=%2Fwp%2Fv2%2Fmedia&parent=14762"}],"wp:term":[{"taxonomy":"category","embeddable":true,"href":"https:\/\/ladepeche.mr\/index.php?rest_route=%2Fwp%2Fv2%2Fcategories&post=14762"},{"taxonomy":"post_tag","embeddable":true,"href":"https:\/\/ladepeche.mr\/index.php?rest_route=%2Fwp%2Fv2%2Ftags&post=14762"}],"curies":[{"name":"wp","href":"https:\/\/api.w.org\/{rel}","templated":true}]}}