{"id":14768,"date":"2025-03-28T15:20:42","date_gmt":"2025-03-28T15:20:42","guid":{"rendered":"https:\/\/ladepeche.mr\/?p=14768"},"modified":"2025-03-28T15:20:42","modified_gmt":"2025-03-28T15:20:42","slug":"communique-de-presse-partenariat-entre-lunion-europeenne-et-la-mauritanie-dans-le-domaine-de-la-migration","status":"publish","type":"post","link":"https:\/\/ladepeche.mr\/?p=14768","title":{"rendered":"Communiqu\u00e9 de presse : Partenariat entre l&#8217;Union europ\u00e9enne et la Mauritanie dans le domaine de la migration."},"content":{"rendered":"<p>Depuis quelques semaines, des informations erron\u00e9es circulent sur les r\u00e9seaux sociaux et dans certains m\u00e9dias, accompagn\u00e9es de d\u00e9clarations et d&#8217;articles d&#8217;opinion biais\u00e9s au sujet de la D\u00e9claration conjointe entre l&#8217;Union europ\u00e9enne et la Mauritanie \u00e9tablissant un partenariat sur les migrations. Face \u00e0 la gravit\u00e9 des accusations port\u00e9es contre cette D\u00e9claration et contre l&#8217;Union europ\u00e9enne, la D\u00e9l\u00e9gation de l&#8217;Union europ\u00e9enne en Mauritanie souhaite apporter des clarifications.<\/p>\n<p>Tout d&#8217;abord, il convient de souligner qu\u2019il s&#8217;agit d\u2019une D\u00e9claration politique par laquelle la Mauritanie et l\u2019Union europ\u00e9enne affirment publiquement et en toute transparence leur volont\u00e9 de renforcer leur coop\u00e9ration en mati\u00e8re de migrations, dans le respect du principe de souverainet\u00e9, des droits humains et des obligations d\u00e9coulant du droit international. Cette coop\u00e9ration s\u2019accompagne d\u2019un dialogue politique r\u00e9gulier sur la migration.<\/p>\n<p>Ledit partenariat sur les migrations s\u2019articule autour de cinq domaines sp\u00e9cifiques : (1) la promotion de la formation technique et professionnelle des jeunes en Mauritanie, afin d\u2019adapter leurs comp\u00e9tences aux besoins du march\u00e9 et de maximiser ainsi leur employabilit\u00e9 ; (2) l\u2019aide aux r\u00e9fugi\u00e9s (notamment maliens dans la r\u00e9gion du Hodh El Chargui) ainsi qu\u2019aux communaut\u00e9s locales qui les accueillent avec tant de solidarit\u00e9 ; (3) la promotion de voies de migration l\u00e9gales, en soutenant la mobilit\u00e9 des \u00e9tudiants et des entrepreneurs, en explorant les possibilit\u00e9s de migration circulaire, et en facilitant l\u2019acc\u00e8s au march\u00e9 du travail pour les Mauritaniens r\u00e9sidant en Europe ; (4) la lutte contre le trafic de migrants et la traite des \u00eatres humains, en prot\u00e9geant les victimes et en assurant la r\u00e9admission des citoyens mauritaniens en situation irr\u00e9guli\u00e8re dans l&#8217;Union europ\u00e9enne, dans le respect de leurs droits et de leur dignit\u00e9 ; et (5) le renforcement des capacit\u00e9s des autorit\u00e9s mauritaniennes en mati\u00e8re de recherche et de sauvetage des personnes en d\u00e9tresse en mer, ainsi que dans la gestion int\u00e9gr\u00e9e des fronti\u00e8res.<\/p>\n<p>Cette D\u00e9claration conjointe, qui est un document public depuis le jour de sa signature le 7 mars 2024, est le seul document encadrant les relations entre l\u2019Union europ\u00e9enne et la Mauritanie en mati\u00e8re migratoire: il n\u2019existe pas de document \u00ab secret \u00bb ni d\u2019autre accord entre l\u2019Union europ\u00e9enne et la Mauritanie sur cette question, en dehors du cadre global de l\u2019Accord de Partenariat OEACP-UE, dit de Samoa.<\/p>\n<p>Par ailleurs, contrairement aux fausses informations qui circulent, la D\u00e9claration ne pr\u00e9voit en aucun cas l\u2019envoi en Mauritanie de migrants en situation irr\u00e9guli\u00e8re en Europe issus de pays tiers. Elle n&#8217;aborde pas non plus la politique migratoire de la Mauritanie \u00e0 l\u2019\u00e9gard des ressortissants de pays tiers, au-del\u00e0 des engagements internationaux auxquels le pays a souscrit en mati\u00e8re de protection des personnes vuln\u00e9rables telles que les r\u00e9fugi\u00e9s, les mineurs et les victimes de la traite.<\/p>\n<p>L&#8217;Union europ\u00e9enne a mobilis\u00e9 des ressources financi\u00e8res consid\u00e9rables ces derni\u00e8res ann\u00e9es afin de renforcer son partenariat avec la Mauritanie dans de nombreux domaines : sant\u00e9, agriculture et \u00e9levage, \u00e9nergies renouvelables, digitalisation, d\u00e9fense\u2026 Dans le domaine migratoire, l\u2019appui de l\u2019UE vise \u00e0 faciliter la mise en \u0153uvre des cinq objectifs de la D\u00e9claration conjointe repris ci-dessus.<\/p>\n<p>Ainsi, il est difficile de comprendre les critiques formul\u00e9es \u00e0 l\u2019\u00e9gard de cette D\u00e9claration, qui repose sur des principes de solidarit\u00e9, de responsabilit\u00e9 partag\u00e9e et de respect des droits humains. Quels aspects devraient \u00eatre remis en cause ? La formation professionnelle des jeunes ? L\u2019aide aux r\u00e9fugi\u00e9s et aux communaut\u00e9s locales du Hodh El Chargui ? La promotion de voies de migration l\u00e9gales ? La lutte contre les trafiquants d\u2019\u00eatres humains, qui n\u2019ont aucun scrupule \u00e0 mettre en p\u00e9ril la vie de tant de jeunes, de femmes et d\u2019enfants, allant jusqu&#8217;\u00e0 les jeter par-dessus bord lorsque les embarcations chavirent ? Ou bien ne devrait-on pas contribuer au renforcement des capacit\u00e9s des autorit\u00e9s pour d\u00e9tecter et secourir les personnes en d\u00e9tresse en mer ?<\/p>\n<p>Par ce communiqu\u00e9, la D\u00e9l\u00e9gation de l\u2019Union europ\u00e9enne en Mauritanie esp\u00e8re avoir clarifi\u00e9 le contenu de la D\u00e9claration conjointe ainsi que le soutien de l\u2019Union europ\u00e9enne \u00e0 la Mauritanie dans ce domaine. L&#8217;\u00e9quipe de la D\u00e9l\u00e9gation se tient \u00e0 disposition pour r\u00e9pondre \u00e0 toute question suppl\u00e9mentaire \u00e0 ce sujet. <\/p>\n<p>Pour toute information, contacter :  La D\u00e9l\u00e9gation de l\u2019Union europ\u00e9enne en Mauritanie : <\/p>\n<p>delegation-mauritania-press@eeas.europa.eu<\/p>\n","protected":false},"excerpt":{"rendered":"<p>Depuis quelques semaines, des informations erron\u00e9es circulent sur les r\u00e9seaux sociaux et dans certains m\u00e9dias, accompagn\u00e9es de d\u00e9clarations et d&#8217;articles d&#8217;opinion biais\u00e9s au sujet de la D\u00e9claration conjointe entre l&#8217;Union europ\u00e9enne et la Mauritanie \u00e9tablissant un partenariat sur les migrations. Face \u00e0 la gravit\u00e9 des accusations port\u00e9es contre cette D\u00e9claration et contre l&#8217;Union europ\u00e9enne, la &hellip;<\/p>\n","protected":false},"author":2,"featured_media":8747,"comment_status":"open","ping_status":"open","sticky":false,"template":"","format":"standard","meta":{"footnotes":""},"categories":[18,29],"tags":[],"class_list":["post-14768","post","type-post","status-publish","format-standard","has-post-thumbnail","hentry","category-actualites","category-monde"],"_links":{"self":[{"href":"https:\/\/ladepeche.mr\/index.php?rest_route=\/wp\/v2\/posts\/14768","targetHints":{"allow":["GET"]}}],"collection":[{"href":"https:\/\/ladepeche.mr\/index.php?rest_route=\/wp\/v2\/posts"}],"about":[{"href":"https:\/\/ladepeche.mr\/index.php?rest_route=\/wp\/v2\/types\/post"}],"author":[{"embeddable":true,"href":"https:\/\/ladepeche.mr\/index.php?rest_route=\/wp\/v2\/users\/2"}],"replies":[{"embeddable":true,"href":"https:\/\/ladepeche.mr\/index.php?rest_route=%2Fwp%2Fv2%2Fcomments&post=14768"}],"version-history":[{"count":1,"href":"https:\/\/ladepeche.mr\/index.php?rest_route=\/wp\/v2\/posts\/14768\/revisions"}],"predecessor-version":[{"id":14769,"href":"https:\/\/ladepeche.mr\/index.php?rest_route=\/wp\/v2\/posts\/14768\/revisions\/14769"}],"wp:featuredmedia":[{"embeddable":true,"href":"https:\/\/ladepeche.mr\/index.php?rest_route=\/wp\/v2\/media\/8747"}],"wp:attachment":[{"href":"https:\/\/ladepeche.mr\/index.php?rest_route=%2Fwp%2Fv2%2Fmedia&parent=14768"}],"wp:term":[{"taxonomy":"category","embeddable":true,"href":"https:\/\/ladepeche.mr\/index.php?rest_route=%2Fwp%2Fv2%2Fcategories&post=14768"},{"taxonomy":"post_tag","embeddable":true,"href":"https:\/\/ladepeche.mr\/index.php?rest_route=%2Fwp%2Fv2%2Ftags&post=14768"}],"curies":[{"name":"wp","href":"https:\/\/api.w.org\/{rel}","templated":true}]}}