{"id":14770,"date":"2025-03-28T16:00:25","date_gmt":"2025-03-28T16:00:25","guid":{"rendered":"https:\/\/ladepeche.mr\/?p=14770"},"modified":"2025-03-28T15:29:11","modified_gmt":"2025-03-28T15:29:11","slug":"liban-israel-bombarde-la-banlieue-sud-de-beyrouth-pour-la-premiere-fois-depuis-le-cessez-le-feu","status":"publish","type":"post","link":"https:\/\/ladepeche.mr\/?p=14770","title":{"rendered":"Liban: Isra\u00ebl bombarde la banlieue sud de Beyrouth pour la premi\u00e8re fois depuis le cessez-le-feu"},"content":{"rendered":"<p>L\u2019aviation isra\u00e9lienne a bombard\u00e9 ce vendredi 28 mars un immeuble dans la banlieue sud de Beyrouth pour la premi\u00e8re fois depuis l\u2019accord de cessez-le-feu, en riposte au tir non revendiqu\u00e9 de deux roquettes sur la Galil\u00e9e. Les avions isra\u00e9liens ont men\u00e9 une vague de raids dans le sud du Liban et dans la plaine orientale de la B\u00e9kaa, faisant, selon un bilan provisoire, au moins deux morts et une douzaine de bless\u00e9s.<\/p>\n<p>Des sc\u00e8nes de chaos indescriptible ont \u00e9t\u00e9 enregistr\u00e9es dans la banlieue sud de Beyrouth apr\u00e8s une menace isra\u00e9lienne de prendre pour cible un immeuble dans cette r\u00e9gion dens\u00e9ment peupl\u00e9e. Des habitants en panique ont fui \u00e0 pied, en voiture ou \u00e0 motocyclette vers des quartiers p\u00e9riph\u00e9riques et des parents affol\u00e9s se sont ru\u00e9s vers les \u00e9coles pour r\u00e9cup\u00e9rer leurs enfants. <\/p>\n<p>Apr\u00e8s deux tirs d\u2019avertissement, un drone isra\u00e9lien a finalement tir\u00e9 plusieurs missiles sur l\u2019immeuble d\u00e9sign\u00e9, qui a \u00e9t\u00e9 s\u00e9rieusement endommag\u00e9, rapporte notre correspondant \u00e0 Beyrouth, Paul Khalifeh. Des avions et des drones isra\u00e9liens ont men\u00e9 une vague de raids contre des localit\u00e9s du sud du Liban malgr\u00e9 le fait que le Hezbollah ait ni\u00e9 toute implication dans les tirs de roquettes. L\u2019un des projectiles a \u00e9t\u00e9 intercept\u00e9 par le \u00ab D\u00f4me de fer \u00bb et l\u2019autre s\u2019est abattu en territoire libanais.<\/p>\n<p>Face \u00e0 cette escalade, le Premier ministre libanais Nawaf Salam a mis en garde contre une reprise \u00e0 grande \u00e9chelle des op\u00e9rations militaires \u00e0 la fronti\u00e8re sud. Il a \u00e9galement convoqu\u00e9 le chef de l\u2019arm\u00e9e libanaise et lui a ordonn\u00e9 d\u2019enqu\u00eater rapidement pour identifier les auteurs des tirs de roquettes. Le chef du gouvernement a qualifi\u00e9 ces tirs d\u2019 \u00ab actes irresponsables qui menacent la s\u00e9curit\u00e9 et la stabilit\u00e9 du Liban \u00bb et a une nouvelle fois appel\u00e9 tous les groupes et milices \u00ab \u00e0 remettre leurs armes \u00e0 l&#8217;arm\u00e9e libanaise \u00bb.<\/p>\n<p>Le ministre isra\u00e9lien de la D\u00e9fense, Isra\u00ebl Katz, a lui menac\u00e9 la banlieue sud de Beyrouth, bastion du Hezbollah, d&#8217;\u00eatre frapp\u00e9e par Isra\u00ebl \u00ab \u00e0 chaque tentative \u00bb d&#8217;attaque contre la Galil\u00e9e, dans le nord d&#8217;Isra\u00ebl. \u00ab \u00c0 chaque tentative de causer du tort aux localit\u00e9s de Galil\u00e9e, les toits de la banlieue [sud de] Beyrouth trembleront \u00bb, a d\u00e9clar\u00e9 M. Katz dans une vid\u00e9o publi\u00e9e apr\u00e8s une frappe isra\u00e9lienne sur un quartier sud de la capitale libanaise. \u00ab J&#8217;adresse ici un message clair au gouvernement libanais : si vous ne faites pas appliquer l&#8217;accord de cessez-le-feu [avec le Hezbollah], nous le ferons appliquer \u00bb, a-t-il ajout\u00e9.<\/p>\n<p>\u00ab Tout indique \u00bb que \u00ab le Hezbollah n&#8217;est pas responsable \u00bb<br \/>\nEn visite \u00e0 Paris, le pr\u00e9sident libanais Joseph Aoun a assur\u00e9 que \u00ab tout indique \u00bb que \u00ab le Hezbollah n&#8217;est pas responsable \u00bb des derniers tirs de roquettes vers Isra\u00ebl, qui a men\u00e9 en repr\u00e9sailles de nouvelles frappes au Liban. \u00ab Il va y avoir une enqu\u00eate sur l&#8217;origine de ces tirs \u00bb, a d\u00e9clar\u00e9 Joseph Aoun.<\/p>\n<p>Le pr\u00e9sident fran\u00e7ais Emmanuel Macron a jug\u00e9 que ces frappes isra\u00e9liennes au Liban \u00e9taient \u00ab inacceptables \u00bb et \u00ab en violation du cessez-le-feu \u00bb. \u00ab Les frappes sont des actions unilat\u00e9rales qui trahissent une promesse donn\u00e9e et qui font le jeu du Hezbollah \u00bb, a estim\u00e9 Emmanuel Macron.<\/p>\n<p>Le Hezbollah libanais a quant \u00e0 lui annonc\u00e9 dans un communiqu\u00e9 avoir annul\u00e9 un rassemblement pr\u00e9vu dans la banlieue sud de Beyrouth vendredi apr\u00e8s-midi. Le chef du Hezbollah devait prononcer un discours t\u00e9l\u00e9vis\u00e9 lors d&#8217;un \u00e9v\u00e9nement organis\u00e9 dans une salle \u00e0 quelques centaines de m\u00e8tres de l&#8217;immeuble vis\u00e9 par la frappe, \u00e0 l&#8217;occasion de la \u00ab journ\u00e9e de J\u00e9rusalem \u00bb, une initiative de l&#8217;Iran visant \u00e0 soutenir les Palestiniens.<br \/>\nRfi<\/p>\n","protected":false},"excerpt":{"rendered":"<p>L\u2019aviation isra\u00e9lienne a bombard\u00e9 ce vendredi 28 mars un immeuble dans la banlieue sud de Beyrouth pour la premi\u00e8re fois depuis l\u2019accord de cessez-le-feu, en riposte au tir non revendiqu\u00e9 de deux roquettes sur la Galil\u00e9e. Les avions isra\u00e9liens ont men\u00e9 une vague de raids dans le sud du Liban et dans la plaine orientale &hellip;<\/p>\n","protected":false},"author":2,"featured_media":14771,"comment_status":"open","ping_status":"open","sticky":false,"template":"","format":"standard","meta":{"footnotes":""},"categories":[18,29],"tags":[],"class_list":["post-14770","post","type-post","status-publish","format-standard","has-post-thumbnail","hentry","category-actualites","category-monde"],"_links":{"self":[{"href":"https:\/\/ladepeche.mr\/index.php?rest_route=\/wp\/v2\/posts\/14770","targetHints":{"allow":["GET"]}}],"collection":[{"href":"https:\/\/ladepeche.mr\/index.php?rest_route=\/wp\/v2\/posts"}],"about":[{"href":"https:\/\/ladepeche.mr\/index.php?rest_route=\/wp\/v2\/types\/post"}],"author":[{"embeddable":true,"href":"https:\/\/ladepeche.mr\/index.php?rest_route=\/wp\/v2\/users\/2"}],"replies":[{"embeddable":true,"href":"https:\/\/ladepeche.mr\/index.php?rest_route=%2Fwp%2Fv2%2Fcomments&post=14770"}],"version-history":[{"count":1,"href":"https:\/\/ladepeche.mr\/index.php?rest_route=\/wp\/v2\/posts\/14770\/revisions"}],"predecessor-version":[{"id":14772,"href":"https:\/\/ladepeche.mr\/index.php?rest_route=\/wp\/v2\/posts\/14770\/revisions\/14772"}],"wp:featuredmedia":[{"embeddable":true,"href":"https:\/\/ladepeche.mr\/index.php?rest_route=\/wp\/v2\/media\/14771"}],"wp:attachment":[{"href":"https:\/\/ladepeche.mr\/index.php?rest_route=%2Fwp%2Fv2%2Fmedia&parent=14770"}],"wp:term":[{"taxonomy":"category","embeddable":true,"href":"https:\/\/ladepeche.mr\/index.php?rest_route=%2Fwp%2Fv2%2Fcategories&post=14770"},{"taxonomy":"post_tag","embeddable":true,"href":"https:\/\/ladepeche.mr\/index.php?rest_route=%2Fwp%2Fv2%2Ftags&post=14770"}],"curies":[{"name":"wp","href":"https:\/\/api.w.org\/{rel}","templated":true}]}}