{"id":14773,"date":"2025-03-28T16:33:36","date_gmt":"2025-03-28T16:33:36","guid":{"rendered":"https:\/\/ladepeche.mr\/?p=14773"},"modified":"2025-03-28T16:34:14","modified_gmt":"2025-03-28T16:34:14","slug":"le-parti-al-islah-annonce-son-soutien-au-gouvernement-dans-la-lutte-contre-la-migration-irreguliere","status":"publish","type":"post","link":"https:\/\/ladepeche.mr\/?p=14773","title":{"rendered":"Le parti &#8220;Al Islah&#8221; apporte son soutien au gouvernement dans la lutte contre la migration irr\u00e9guli\u00e8re"},"content":{"rendered":"<p>Le nombre de migrants et de r\u00e9fugi\u00e9s irr\u00e9guliers qui entrent dans notre pays a connu une augmentation sans pr\u00e9c\u00e9dent ces derniers temps, en raison d\u2019un certain nombre de facteurs et de consid\u00e9rations.<br \/>\nL\u2019observation des vagues de migrations dans notre pays montre que nous sommes en face de six types de migrants:<br \/>\n1. Des r\u00e9fugi\u00e9s l\u00e9gitimes du fait de la guerre au Mali voisin, accueillis par l\u2019\u00c9tat en coordination avec le Haut-Commissariat international pour les r\u00e9fugi\u00e9s (HCR) dans le camp de Mbera, conform\u00e9ment aux proc\u00e9dures l\u00e9gales et aux dispositions statutaires en vigueur ;<br \/>\n2. Des r\u00e9fugi\u00e9s ill\u00e9gaux et non enregistr\u00e9s qui sont entr\u00e9s dans le pays par plusieurs points d\u2019acc\u00e8s ;<br \/>\n3- Des \u00e9trangers qui sont entr\u00e9s l\u00e9galement pour chercher du travail et pour s\u2019installer et qui ont effectu\u00e9 les proc\u00e9dures d\u2019enregistrement, de r\u00e9sidence et de licence, et qui donc n\u2019ont aucun probl\u00e8me.<br \/>\n4- Les \u00e9trangers qui sont entr\u00e9s l\u00e9galement mais refusent de se conformer aux exigences l\u00e9gales et de statut l\u00e9gal en termes de r\u00e9sidence, de permis de travail, etc.<br \/>\n5- Des migrants irr\u00e9guliers qui sont entr\u00e9s l\u00e9galement dans le pays mais qui sont en transit et dont la destination est transatlantique. Il s\u2019agit aujourd\u2019hui de centaines de milliers personnes bloqu\u00e9es apr\u00e8s que tous les \u00c9tats leur aient refus\u00e9 l\u2019entr\u00e9e et qui repr\u00e9sentent une menace pour la s\u00e9curit\u00e9, l\u2019\u00e9conomie et la soci\u00e9t\u00e9 ;<br \/>\n6. Des migrants dont l\u2019identit\u00e9, les cibles et la destination sont inconnues ;<\/p>\n<p>Ainsi, dans un contexte r\u00e9gional et mondial difficile o\u00f9 se chevauchent les crises politiques, s\u00e9curitaires et humanitaires, notre gouvernement a pressenti le danger de l\u2019afflux de migrants. Des migrants dont le nombre qui augmentent de mani\u00e8re alarmante, faisant de notre pays un important point de transit et de d\u00e9part alors qu\u2019il est devenu \u00e9vident que la migration irr\u00e9guli\u00e8re est devenue une forme de traite des \u00eatres humains nourrissant des activit\u00e9s criminelles transfrontali\u00e8res g\u00e9r\u00e9es par des r\u00e9seaux internationaux et des mafias qui en engrangent d\u2019\u00e9normes sommes d\u2019argent. La question de migration n\u2019est plus seulement, de cette perspective, une question sociale ou humanitaire.<\/p>\n<p>Le ph\u00e9nom\u00e8ne des migrations est donc, au fil du temps, devenu l\u2019un des graves d\u00e9fis qui hantent de nombreux pays du monde, sans parler de notre pays en d\u00e9veloppement, qui fait face aux r\u00e9percussions n\u00e9gatives et tentaculaires des migrations \u00e0 tous les niveaux \u00e9conomique, s\u00e9curitaire, social et politique.<br \/>\nEn plus du fait que la migration se fait la plupart du temps de mani\u00e8re irr\u00e9guli\u00e8re et dangereuse et dans des conditions difficiles, mettant en p\u00e9ril la vie du migrant lui-m\u00eame.<\/p>\n<p>Pour r\u00e9pondre \u00e0 ce nouveau ph\u00e9nom\u00e8ne d\u00e9stabilisant, notre gouvernement a pris des mesures cibl\u00e9es pour lutter contre ce ph\u00e9nom\u00e8ne en renfor\u00e7ant l\u2019arsenal juridique, s\u00e9curitaire et de contr\u00f4le afin d\u2019emp\u00eacher les r\u00e9seaux de trafic de migrants d\u2019op\u00e9rer et pour r\u00e9duire le flux de migrants en situation irr\u00e9guli\u00e8re, y compris le d\u00e9mant\u00e8lement de certains r\u00e9seaux d\u2019immigration ill\u00e9gale qui exploitent les migrants dans des op\u00e9rations de trafic dangereuses qui peuvent aboutir \u00e0 des trag\u00e9dies humanitaires, comme c\u2019est le cas pour des milliers de personnes qui ont malheureusement \u00e9t\u00e9 englouties par la mer sur le chemin de l\u2019Europe.<br \/>\nLes autorit\u00e9s nationales ont en plus mis un tribunal sp\u00e9cialis\u00e9 pour la lutte contre la migration ill\u00e9gale et promulgu\u00e9 des lois coercitives dans sens et conformes \u00e0 l\u2019engagement du gouvernement \u00e0 assurer la s\u00e9curit\u00e9 et la stabilit\u00e9 de notre peuple et de notre soci\u00e9t\u00e9.<\/p>\n<p>Le Parti Islah saisit cette opportunit\u00e9 pour f\u00e9liciter vivement le gouvernement pour toutes les mesures prises contre la migration irr\u00e9guli\u00e8re, et mesure l\u2019ampleur du fardeau que les migrations imposent aux autorit\u00e9s pour maintenir la s\u00e9curit\u00e9 soci\u00e9tale et la prosp\u00e9rit\u00e9 \u00e9conomique, tout comme il appelle \u00e0 soutenir ces mesures fermes et \u00e9clair\u00e9es prises par notre pays pour lutter contre l\u2019immigration ill\u00e9gale de mani\u00e8re efficace, dans le respect des droits de l\u2019homme, des lois et conventions internationales pertinentes, et la pr\u00e9servation des relations fraternelles et de bon voisinage.<\/p>\n<p>Le Parti Islah exhorte, par ailleurs, les partis politiques, la soci\u00e9t\u00e9 civile, les \u00e9lites scientifiques et m\u00e9diatiques et tout le peuple mauritanien avec toutes ses forces vives \u00e0 appr\u00e9hender les d\u00e9fis de ce ph\u00e9nom\u00e8ne exceptionnel, et \u00e0 s\u2019unir pour soutenir le gouvernement et encourager les autorit\u00e9s militaires et s\u00e9curitaires dans leurs efforts pour contr\u00f4ler les fronti\u00e8res et pour faire la part entre les diff\u00e9rents types de migrations afin de r\u00e9duire les effets, les risques et les crimes mafieux de traite des \u00eatres humains.<\/p>\n<p>C\u2019est ici l\u2019endroit pour le parti Islah de lancer un vibrant appel de prise de conscience nationale chez tous les citoyens et patriotes de la majorit\u00e9 ainsi qu\u2019au sein des forces d\u2019opposition pour faire face, ensembles, aux dangers imminents que fait peser la migration irr\u00e9guli\u00e8re contre notre identit\u00e9 et l\u2019existence m\u00eame de notre soci\u00e9t\u00e9  en soutien aux efforts des autorit\u00e9s administratives et de s\u00e9curit\u00e9 pour pr\u00e9server la paix et la qui\u00e9tude publiques.<br \/>\nLa commission communication<\/p>\n","protected":false},"excerpt":{"rendered":"<p>Le nombre de migrants et de r\u00e9fugi\u00e9s irr\u00e9guliers qui entrent dans notre pays a connu une augmentation sans pr\u00e9c\u00e9dent ces derniers temps, en raison d\u2019un certain nombre de facteurs et de consid\u00e9rations. L\u2019observation des vagues de migrations dans notre pays montre que nous sommes en face de six types de migrants: 1. Des r\u00e9fugi\u00e9s l\u00e9gitimes &hellip;<\/p>\n","protected":false},"author":2,"featured_media":14774,"comment_status":"open","ping_status":"open","sticky":false,"template":"","format":"standard","meta":{"footnotes":""},"categories":[18,31],"tags":[],"class_list":["post-14773","post","type-post","status-publish","format-standard","has-post-thumbnail","hentry","category-actualites","category-politique-et-reportages"],"_links":{"self":[{"href":"https:\/\/ladepeche.mr\/index.php?rest_route=\/wp\/v2\/posts\/14773","targetHints":{"allow":["GET"]}}],"collection":[{"href":"https:\/\/ladepeche.mr\/index.php?rest_route=\/wp\/v2\/posts"}],"about":[{"href":"https:\/\/ladepeche.mr\/index.php?rest_route=\/wp\/v2\/types\/post"}],"author":[{"embeddable":true,"href":"https:\/\/ladepeche.mr\/index.php?rest_route=\/wp\/v2\/users\/2"}],"replies":[{"embeddable":true,"href":"https:\/\/ladepeche.mr\/index.php?rest_route=%2Fwp%2Fv2%2Fcomments&post=14773"}],"version-history":[{"count":2,"href":"https:\/\/ladepeche.mr\/index.php?rest_route=\/wp\/v2\/posts\/14773\/revisions"}],"predecessor-version":[{"id":14776,"href":"https:\/\/ladepeche.mr\/index.php?rest_route=\/wp\/v2\/posts\/14773\/revisions\/14776"}],"wp:featuredmedia":[{"embeddable":true,"href":"https:\/\/ladepeche.mr\/index.php?rest_route=\/wp\/v2\/media\/14774"}],"wp:attachment":[{"href":"https:\/\/ladepeche.mr\/index.php?rest_route=%2Fwp%2Fv2%2Fmedia&parent=14773"}],"wp:term":[{"taxonomy":"category","embeddable":true,"href":"https:\/\/ladepeche.mr\/index.php?rest_route=%2Fwp%2Fv2%2Fcategories&post=14773"},{"taxonomy":"post_tag","embeddable":true,"href":"https:\/\/ladepeche.mr\/index.php?rest_route=%2Fwp%2Fv2%2Ftags&post=14773"}],"curies":[{"name":"wp","href":"https:\/\/api.w.org\/{rel}","templated":true}]}}