{"id":14801,"date":"2025-04-01T11:20:53","date_gmt":"2025-04-01T11:20:53","guid":{"rendered":"https:\/\/ladepeche.mr\/?p=14801"},"modified":"2025-04-01T11:20:53","modified_gmt":"2025-04-01T11:20:53","slug":"relocalisation-en-mauritanie-des-moyens-aeriens-deployes-par-la-france-au-senegal-de-quels-moyens-sagit-il","status":"publish","type":"post","link":"https:\/\/ladepeche.mr\/?p=14801","title":{"rendered":"Relocalisation en Mauritanie des \u00abmoyens a\u00e9riens d\u00e9ploy\u00e9s \u00bb par la France au S\u00e9n\u00e9gal : De quels moyens s&#8217;agit-il?"},"content":{"rendered":"<p>\u00abLa Mauritanie voisine figure en bonne place parmi les potentiels points de chute\u00bb des moyens a\u00e9riens fran\u00e7ais jusqu\u2019ici d\u00e9ploy\u00e9s au S\u00e9n\u00e9gal notent all\u00e8grement nos confr\u00e8res de AfricaIntelligence \u00e9voquant l\u2019\u00e9ventualit\u00e9 d\u2019une d\u00e9localisation desdites forces fran\u00e7aises en Afrique de l&#8217;Ouest. Mais \u00e0 y regarder de plus pr\u00e8s l\u2019info s\u2019apparente \u00e0 une v\u00e9ritable fakenews, au mieux un poisson d\u2019avril. Les s\u00e9n\u00e9galais assurent pour leur part que les quatre emprises fran\u00e7aises sur leur sol sont d\u00e9sormais presque vides \u00e0 l\u2019exception de Rufisque o\u00f9 les infrastructures h\u00e9rit\u00e9es des fran\u00e7ais devraient servir aux besoins de formation militaire.<br \/>\nTout le monde s\u2019accorde donc sur la drastique r\u00e9duction des forces fran\u00e7aises stationn\u00e9es au S\u00e9n\u00e9gal au \u00ab p\u00f4le op\u00e9rationnel de coop\u00e9ration\u00bb fran\u00e7ais \u00e0 vocation r\u00e9gionale \u00e0 Dakar, fort de 400 militaires et civils des \u00e9l\u00e9ments fran\u00e7ais au S\u00e9n\u00e9gal (EFS). Car, depuis 2011 et la fermeture de la base a\u00e9rienne de Ouakam \u00e0 Dakar plus aucun avion fran\u00e7ais n\u2019est stationn\u00e9 au S\u00e9n\u00e9gal o\u00f9 l\u2019a\u00e9roport L.S. Senghor servait comme site d\u2019escales techniques \u00e0 maints avions fran\u00e7ais, sans toutefois les h\u00e9berger toute l\u2019ann\u00e9e.<br \/>\nSelon les experts de l\u2019a\u00e9ronautique, il s\u2019agirait notamment des avions fran\u00e7ais comme l\u2019Airbus Defence A400M Atlas, le Casa CN-235, le Dassault-Breguet ATL-2 Atlantique, le Dassault Aviation Falcon 50M, ou encore le Lockheed-Martin C-130J-30 Super Hercules. Le seul avion que la France mettrait aujourd\u2019hui \u00e0 la disposition du S\u00e9n\u00e9gal pour la surveillance des c\u00f4tes serait un Falcon 50. Une force a\u00e9ronavale fran\u00e7aise, par contre, patrouillerait dans l\u2019oc\u00e9an Atlantique et le golfe de Guin\u00e9e en soutien aux EFS, pr\u00e9sents au S\u00e9n\u00e9gal. Seraient-ils les \u00ab moyens a\u00e9riens \u00bb dont parleraient nos confr\u00e8res ? Serait-elle mise \u00e0 contribution pour resserrer l\u2019\u00e9tau contre les flux migratoires atlantiques ? La Mauritanie en tout cas n\u2019en a pas encore fait cas.<br \/>\nJD<\/p>\n","protected":false},"excerpt":{"rendered":"<p>\u00abLa Mauritanie voisine figure en bonne place parmi les potentiels points de chute\u00bb des moyens a\u00e9riens fran\u00e7ais jusqu\u2019ici d\u00e9ploy\u00e9s au S\u00e9n\u00e9gal notent all\u00e8grement nos confr\u00e8res de AfricaIntelligence \u00e9voquant l\u2019\u00e9ventualit\u00e9 d\u2019une d\u00e9localisation desdites forces fran\u00e7aises en Afrique de l&#8217;Ouest. Mais \u00e0 y regarder de plus pr\u00e8s l\u2019info s\u2019apparente \u00e0 une v\u00e9ritable fakenews, au mieux un poisson &hellip;<\/p>\n","protected":false},"author":2,"featured_media":14802,"comment_status":"open","ping_status":"open","sticky":false,"template":"","format":"standard","meta":{"footnotes":""},"categories":[18,29],"tags":[],"class_list":["post-14801","post","type-post","status-publish","format-standard","has-post-thumbnail","hentry","category-actualites","category-monde"],"_links":{"self":[{"href":"https:\/\/ladepeche.mr\/index.php?rest_route=\/wp\/v2\/posts\/14801","targetHints":{"allow":["GET"]}}],"collection":[{"href":"https:\/\/ladepeche.mr\/index.php?rest_route=\/wp\/v2\/posts"}],"about":[{"href":"https:\/\/ladepeche.mr\/index.php?rest_route=\/wp\/v2\/types\/post"}],"author":[{"embeddable":true,"href":"https:\/\/ladepeche.mr\/index.php?rest_route=\/wp\/v2\/users\/2"}],"replies":[{"embeddable":true,"href":"https:\/\/ladepeche.mr\/index.php?rest_route=%2Fwp%2Fv2%2Fcomments&post=14801"}],"version-history":[{"count":1,"href":"https:\/\/ladepeche.mr\/index.php?rest_route=\/wp\/v2\/posts\/14801\/revisions"}],"predecessor-version":[{"id":14803,"href":"https:\/\/ladepeche.mr\/index.php?rest_route=\/wp\/v2\/posts\/14801\/revisions\/14803"}],"wp:featuredmedia":[{"embeddable":true,"href":"https:\/\/ladepeche.mr\/index.php?rest_route=\/wp\/v2\/media\/14802"}],"wp:attachment":[{"href":"https:\/\/ladepeche.mr\/index.php?rest_route=%2Fwp%2Fv2%2Fmedia&parent=14801"}],"wp:term":[{"taxonomy":"category","embeddable":true,"href":"https:\/\/ladepeche.mr\/index.php?rest_route=%2Fwp%2Fv2%2Fcategories&post=14801"},{"taxonomy":"post_tag","embeddable":true,"href":"https:\/\/ladepeche.mr\/index.php?rest_route=%2Fwp%2Fv2%2Ftags&post=14801"}],"curies":[{"name":"wp","href":"https:\/\/api.w.org\/{rel}","templated":true}]}}