{"id":14804,"date":"2025-04-01T14:40:22","date_gmt":"2025-04-01T14:40:22","guid":{"rendered":"https:\/\/ladepeche.mr\/?p=14804"},"modified":"2025-04-01T14:40:22","modified_gmt":"2025-04-01T14:40:22","slug":"mali-un-an-apres-la-declaration-du-31-mars-toujours-aucune-date-pour-les-elections","status":"publish","type":"post","link":"https:\/\/ladepeche.mr\/?p=14804","title":{"rendered":"Mali: un an apr\u00e8s la D\u00e9claration du 31 mars, toujours aucune date pour les \u00e9lections"},"content":{"rendered":"<p>Au Mali, cela fait tout juste un an, ce lundi, que la quasi-totalit\u00e9 des organisations politiques et de la soci\u00e9t\u00e9 civile maliennes signaient la D\u00e9claration du 31 mars, pour exiger le retour \u00e0 l&#8217;ordre constitutionnel. Plus de quatre ans et demi apr\u00e8s le coup d&#8217;\u00c9tat d&#8217;ao\u00fbt 2020 et plusieurs reports, aucune date n&#8217;est programm\u00e9e pour l&#8217;organisation d&#8217;\u00e9lections. La derni\u00e8re \u00e9ch\u00e9ance, fix\u00e9e par les autorit\u00e9s de transition elles-m\u00eames, pr\u00e9voyait la fin de la transition au plus tard au 26 mars 2024. L&#8217;opposant en exil Isma\u00ebl Sacko, pr\u00e9sident du Parti social-d\u00e9mocrate africain (PSDA), signataire de la D\u00e9claration du 31 mars, d\u00e9nonce une \u00ab impasse \u00bb.<br \/>\n\u00ab Nous sommes toujours dans l&#8217;impasse. Il n&#8217;y a aucune volont\u00e9 de ces autorit\u00e9s d&#8217;aller vers le retour \u00e0 l&#8217;ordre constitutionnel normal parce que \u00e7a ne les arrange pas, estime Isma\u00ebl Sacko. Nous avons des libert\u00e9s qui sont r\u00e9duites, des gens qui sont enlev\u00e9s [des voix critiques enlev\u00e9es par la s\u00e9curit\u00e9 d&#8217;\u00c9tat en-dehors de toute proc\u00e9dure judiciaire, NDLR], le peuple est b\u00e2illonn\u00e9 \u00bb.<\/p>\n<p>Depuis le \u00ab l\u00e9ger report \u00bb annonc\u00e9 en septembre 2023, Bamako n&#8217;a fix\u00e9 aucune nouvelle date, aucun nouveau calendrier \u00e9lectoral. Cela fait donc un an que les partis signataires de la D\u00e9claration du 31 mars d\u00e9noncent un \u00ab vide juridique et institutionnel \u00bb. \u00ab Juridiquement, la fin de la transition \u00e9tait act\u00e9e pour le 26 mars 2024, rappelle l&#8217;opposant en exil. \u00c0 la date d&#8217;aujourd&#8217;hui, aucun texte ne justifie la prolongation de la transition, ni le maintien des autorit\u00e9s de fait en place. Ce sont les armes qui font la loi, le peuple subit \u00bb.<\/p>\n<p>\u00ab On peut organiser des \u00e9lections tout en s\u00e9curisant le territoire national \u00bb<br \/>\nLes autorit\u00e9s maliennes de transition ont expliqu\u00e9 \u00e0 plusieurs reprises que la s\u00e9curisation du territoire \u00e9tait une priorit\u00e9. Est-ce que les Maliens n&#8217;attendent pas cela, avant m\u00eame la tenue d&#8217;\u00e9lections ? \u00ab \u00c0 un moment donn\u00e9, les Maliens avaient cru \u00e0 la bonne foi des autorit\u00e9s de la transition, r\u00e9pond Isma\u00ebl Sacko. Aujourd&#8217;hui, c&#8217;est le peuple qui est fatigu\u00e9 des engagements qui ne sont pas respect\u00e9s. L&#8217;argument de se cacher derri\u00e8re la s\u00e9curisation du territoire est essouffl\u00e9. L&#8217;ins\u00e9curit\u00e9 s&#8217;est gangren\u00e9e, m\u00e9tastas\u00e9e, plus qu&#8217;hier ! On peut, bien \u00e9videmment, organiser des \u00e9lections tout en s\u00e9curisant le territoire national. C&#8217;est un processus de longue haleine. Il est plus qu&#8217;urgent de r\u00e9tablir l&#8217;ordre constitutionnel souhait\u00e9 de tous \u00bb.<br \/>\nSource RFI<\/p>\n","protected":false},"excerpt":{"rendered":"<p>Au Mali, cela fait tout juste un an, ce lundi, que la quasi-totalit\u00e9 des organisations politiques et de la soci\u00e9t\u00e9 civile maliennes signaient la D\u00e9claration du 31 mars, pour exiger le retour \u00e0 l&#8217;ordre constitutionnel. Plus de quatre ans et demi apr\u00e8s le coup d&#8217;\u00c9tat d&#8217;ao\u00fbt 2020 et plusieurs reports, aucune date n&#8217;est programm\u00e9e pour &hellip;<\/p>\n","protected":false},"author":2,"featured_media":14805,"comment_status":"open","ping_status":"open","sticky":false,"template":"","format":"standard","meta":{"footnotes":""},"categories":[18,29],"tags":[],"class_list":["post-14804","post","type-post","status-publish","format-standard","has-post-thumbnail","hentry","category-actualites","category-monde"],"_links":{"self":[{"href":"https:\/\/ladepeche.mr\/index.php?rest_route=\/wp\/v2\/posts\/14804","targetHints":{"allow":["GET"]}}],"collection":[{"href":"https:\/\/ladepeche.mr\/index.php?rest_route=\/wp\/v2\/posts"}],"about":[{"href":"https:\/\/ladepeche.mr\/index.php?rest_route=\/wp\/v2\/types\/post"}],"author":[{"embeddable":true,"href":"https:\/\/ladepeche.mr\/index.php?rest_route=\/wp\/v2\/users\/2"}],"replies":[{"embeddable":true,"href":"https:\/\/ladepeche.mr\/index.php?rest_route=%2Fwp%2Fv2%2Fcomments&post=14804"}],"version-history":[{"count":1,"href":"https:\/\/ladepeche.mr\/index.php?rest_route=\/wp\/v2\/posts\/14804\/revisions"}],"predecessor-version":[{"id":14806,"href":"https:\/\/ladepeche.mr\/index.php?rest_route=\/wp\/v2\/posts\/14804\/revisions\/14806"}],"wp:featuredmedia":[{"embeddable":true,"href":"https:\/\/ladepeche.mr\/index.php?rest_route=\/wp\/v2\/media\/14805"}],"wp:attachment":[{"href":"https:\/\/ladepeche.mr\/index.php?rest_route=%2Fwp%2Fv2%2Fmedia&parent=14804"}],"wp:term":[{"taxonomy":"category","embeddable":true,"href":"https:\/\/ladepeche.mr\/index.php?rest_route=%2Fwp%2Fv2%2Fcategories&post=14804"},{"taxonomy":"post_tag","embeddable":true,"href":"https:\/\/ladepeche.mr\/index.php?rest_route=%2Fwp%2Fv2%2Ftags&post=14804"}],"curies":[{"name":"wp","href":"https:\/\/api.w.org\/{rel}","templated":true}]}}