{"id":14807,"date":"2025-04-01T15:30:04","date_gmt":"2025-04-01T15:30:04","guid":{"rendered":"https:\/\/ladepeche.mr\/?p=14807"},"modified":"2025-04-01T14:47:28","modified_gmt":"2025-04-01T14:47:28","slug":"gabon-une-campagne-electorale-marquee-par-de-fortes-promesses","status":"publish","type":"post","link":"https:\/\/ladepeche.mr\/?p=14807","title":{"rendered":"Gabon : une campagne \u00e9lectorale marqu\u00e9e par de fortes promesses"},"content":{"rendered":"<p>Pour le scrutin pr\u00e9vu le 12 avril, aucun des candidats ne va repr\u00e9senter une formation politique.<\/p>\n<p>Le g\u00e9n\u00e9ral Brice Oligui Clotaire, \u00e0 travers son mouvement \u00ab Rassemblement des b\u00e2tisseurs \u00bb, a rassembl\u00e9 samedi des dizaines de partisans au stade de l\u2019Amiti\u00e9 sino-gabonaise, marquant ainsi un moment fort de sa campagne. Son objectif semble \u00eatre de rassembler les Gabonais autour d\u2019un projet de d\u00e9veloppement et de stabilit\u00e9.<br \/>\nDe son c\u00f4t\u00e9, Alain-Claude Bilie-By-Nze, candidat ind\u00e9pendant, a opt\u00e9 pour une approche citoyenne du peuple. Il s\u2019est rendu dans les quartiers d\u00e9favoris\u00e9s de Libreville, t\u00e9moignant de sa solidarit\u00e9 face \u00e0 la souffrance de ses compatriotes.<\/p>\n<p>La particularit\u00e9, c&#8217;est qu&#8217;aucun de ces candidats ne va repr\u00e9senter une formation politique. Cela ne s&#8217;\u00e9tait jamais pass\u00e9 depuis l&#8217;av\u00e8nement du multipartisme au Gabon dans les ann\u00e9es 90.<\/p>\n<p>Les premiers temps de cette campagne, tels que rapport\u00e9s par notre correspondant au Gabon, Wilfried Obangome, montrent des strat\u00e9gies vari\u00e9es, entre rassemblement et proximit\u00e9, alors que chaque candidat tente de capter l&#8217;attention des \u00e9lecteurs \u00e0 quelques jours du scrutin.https:\/\/www.msn.com\/fr-xl\/actualite\/other\/gabon-une-campagne-%C3%A9lectorale-marqu%C3%A9e-par-de-fortes-promesses\/ar-AA1C1qxV?ocid=msedgntp&#038;pc=U531&#038;cvid=8a89668ea97a456a850e6fc7b886343a&#038;ei=55<\/p>\n","protected":false},"excerpt":{"rendered":"<p>Pour le scrutin pr\u00e9vu le 12 avril, aucun des candidats ne va repr\u00e9senter une formation politique. Le g\u00e9n\u00e9ral Brice Oligui Clotaire, \u00e0 travers son mouvement \u00ab Rassemblement des b\u00e2tisseurs \u00bb, a rassembl\u00e9 samedi des dizaines de partisans au stade de l\u2019Amiti\u00e9 sino-gabonaise, marquant ainsi un moment fort de sa campagne. Son objectif semble \u00eatre de &hellip;<\/p>\n","protected":false},"author":2,"featured_media":14808,"comment_status":"open","ping_status":"open","sticky":false,"template":"","format":"standard","meta":{"footnotes":""},"categories":[18,29],"tags":[],"class_list":["post-14807","post","type-post","status-publish","format-standard","has-post-thumbnail","hentry","category-actualites","category-monde"],"_links":{"self":[{"href":"https:\/\/ladepeche.mr\/index.php?rest_route=\/wp\/v2\/posts\/14807","targetHints":{"allow":["GET"]}}],"collection":[{"href":"https:\/\/ladepeche.mr\/index.php?rest_route=\/wp\/v2\/posts"}],"about":[{"href":"https:\/\/ladepeche.mr\/index.php?rest_route=\/wp\/v2\/types\/post"}],"author":[{"embeddable":true,"href":"https:\/\/ladepeche.mr\/index.php?rest_route=\/wp\/v2\/users\/2"}],"replies":[{"embeddable":true,"href":"https:\/\/ladepeche.mr\/index.php?rest_route=%2Fwp%2Fv2%2Fcomments&post=14807"}],"version-history":[{"count":1,"href":"https:\/\/ladepeche.mr\/index.php?rest_route=\/wp\/v2\/posts\/14807\/revisions"}],"predecessor-version":[{"id":14809,"href":"https:\/\/ladepeche.mr\/index.php?rest_route=\/wp\/v2\/posts\/14807\/revisions\/14809"}],"wp:featuredmedia":[{"embeddable":true,"href":"https:\/\/ladepeche.mr\/index.php?rest_route=\/wp\/v2\/media\/14808"}],"wp:attachment":[{"href":"https:\/\/ladepeche.mr\/index.php?rest_route=%2Fwp%2Fv2%2Fmedia&parent=14807"}],"wp:term":[{"taxonomy":"category","embeddable":true,"href":"https:\/\/ladepeche.mr\/index.php?rest_route=%2Fwp%2Fv2%2Fcategories&post=14807"},{"taxonomy":"post_tag","embeddable":true,"href":"https:\/\/ladepeche.mr\/index.php?rest_route=%2Fwp%2Fv2%2Ftags&post=14807"}],"curies":[{"name":"wp","href":"https:\/\/api.w.org\/{rel}","templated":true}]}}