{"id":14810,"date":"2025-04-01T15:00:15","date_gmt":"2025-04-01T15:00:15","guid":{"rendered":"https:\/\/ladepeche.mr\/?p=14810"},"modified":"2025-04-01T14:51:13","modified_gmt":"2025-04-01T14:51:13","slug":"le-ministre-delegue-charge-du-budget-recoit-le-representant-resident-du-fonds-monetaire-international","status":"publish","type":"post","link":"https:\/\/ladepeche.mr\/?p=14810","title":{"rendered":"Le ministre d\u00e9l\u00e9gu\u00e9 charg\u00e9 du Budget re\u00e7oit le repr\u00e9sentant r\u00e9sident du Fonds mon\u00e9taire international"},"content":{"rendered":"<p>Le ministre d\u00e9l\u00e9gu\u00e9 aupr\u00e8s du ministre de l\u2019\u00c9conomie et des Finances charg\u00e9 du Budget, M. Kodioro Moussa Nguenor, a re\u00e7u aujourd\u2019hui, mardi, en audience dans son bureau \u00e0 Nouakchott, le repr\u00e9sentant r\u00e9sident du Fonds Mon\u00e9taire International (FMI) en Mauritanie, M. Younes Zahar.<\/p>\n<p>L\u2019entrevue a \u00e9t\u00e9 l\u2019occasion de discuter de la coop\u00e9ration entre nos pays et cette institution financi\u00e8re et des moyens de la renforcer.<\/p>\n<p>L\u2019audience s\u2019est d\u00e9roul\u00e9e en pr\u00e9sence du directeur g\u00e9n\u00e9ral du budget, M. Ahmed Abba.<br \/>\nAmi<\/p>\n","protected":false},"excerpt":{"rendered":"<p>Le ministre d\u00e9l\u00e9gu\u00e9 aupr\u00e8s du ministre de l\u2019\u00c9conomie et des Finances charg\u00e9 du Budget, M. Kodioro Moussa Nguenor, a re\u00e7u aujourd\u2019hui, mardi, en audience dans son bureau \u00e0 Nouakchott, le repr\u00e9sentant r\u00e9sident du Fonds Mon\u00e9taire International (FMI) en Mauritanie, M. Younes Zahar. L\u2019entrevue a \u00e9t\u00e9 l\u2019occasion de discuter de la coop\u00e9ration entre nos pays et &hellip;<\/p>\n","protected":false},"author":2,"featured_media":14811,"comment_status":"open","ping_status":"open","sticky":false,"template":"","format":"standard","meta":{"footnotes":""},"categories":[18,2],"tags":[],"class_list":["post-14810","post","type-post","status-publish","format-standard","has-post-thumbnail","hentry","category-actualites","category-economie"],"_links":{"self":[{"href":"https:\/\/ladepeche.mr\/index.php?rest_route=\/wp\/v2\/posts\/14810","targetHints":{"allow":["GET"]}}],"collection":[{"href":"https:\/\/ladepeche.mr\/index.php?rest_route=\/wp\/v2\/posts"}],"about":[{"href":"https:\/\/ladepeche.mr\/index.php?rest_route=\/wp\/v2\/types\/post"}],"author":[{"embeddable":true,"href":"https:\/\/ladepeche.mr\/index.php?rest_route=\/wp\/v2\/users\/2"}],"replies":[{"embeddable":true,"href":"https:\/\/ladepeche.mr\/index.php?rest_route=%2Fwp%2Fv2%2Fcomments&post=14810"}],"version-history":[{"count":1,"href":"https:\/\/ladepeche.mr\/index.php?rest_route=\/wp\/v2\/posts\/14810\/revisions"}],"predecessor-version":[{"id":14812,"href":"https:\/\/ladepeche.mr\/index.php?rest_route=\/wp\/v2\/posts\/14810\/revisions\/14812"}],"wp:featuredmedia":[{"embeddable":true,"href":"https:\/\/ladepeche.mr\/index.php?rest_route=\/wp\/v2\/media\/14811"}],"wp:attachment":[{"href":"https:\/\/ladepeche.mr\/index.php?rest_route=%2Fwp%2Fv2%2Fmedia&parent=14810"}],"wp:term":[{"taxonomy":"category","embeddable":true,"href":"https:\/\/ladepeche.mr\/index.php?rest_route=%2Fwp%2Fv2%2Fcategories&post=14810"},{"taxonomy":"post_tag","embeddable":true,"href":"https:\/\/ladepeche.mr\/index.php?rest_route=%2Fwp%2Fv2%2Ftags&post=14810"}],"curies":[{"name":"wp","href":"https:\/\/api.w.org\/{rel}","templated":true}]}}