{"id":14816,"date":"2025-04-02T15:02:00","date_gmt":"2025-04-02T15:02:00","guid":{"rendered":"https:\/\/ladepeche.mr\/?p=14816"},"modified":"2025-04-02T15:04:06","modified_gmt":"2025-04-02T15:04:06","slug":"ouverture-de-la-2e-session-parlementaire-ordinaire-2024-2025","status":"publish","type":"post","link":"https:\/\/ladepeche.mr\/?p=14816","title":{"rendered":"Ouverture de la 2\u00e8 session parlementaire ordinaire 2024 \u2013 2025"},"content":{"rendered":"<p>La deuxi\u00e8me session ordinaire du Parlement 2024 \u2013 2025 a \u00e9t\u00e9 ouverte mardi apr\u00e8s- midi \u00e0 Nouakchott \u00e0 l\u2019Assembl\u00e9e nationale. La c\u00e9r\u00e9monie pr\u00e9sid\u00e9e par M. Bamba Ould Meguett, pr\u00e9sident de cette chambre s\u2019est d\u00e9roul\u00e9e ne pr\u00e9sence de plusieurs en pr\u00e9sence de plusieurs membres du gouvernement et des d\u00e9put\u00e9s de cette auguste assembl\u00e9e.<\/p>\n<p>La c\u00e9r\u00e9monie d\u2019ouverture a \u00e9t\u00e9 l\u2019occasion pour le pr\u00e9sident de l\u2019Assembl\u00e9e nationale de prononcer un discours dans lequel il a indiqu\u00e9 que ces vacances ont permis aux d\u00e9put\u00e9s de redoubler d\u2019efforts dans le domaine de la diplomatie parlementaire aux niveaux arabe, continental et international, que ce soit \u00e0 travers la participation active aux conf\u00e9rences parlementaires \u00e0 l\u2019\u00e9tranger ou l\u2019accueil des d\u00e9l\u00e9gations venues dans notre pays.<\/p>\n<p>Il a saisi cette opportunit\u00e9 pour exhorter toutes les formations de notre classe politique \u00e0 r\u00e9pondre \u00e0 l\u2019appel du Pr\u00e9sident de la R\u00e9publique en vue de poursuivre l\u2019approche d\u2019ouverture et de concertation, qui permet la participation effective des diff\u00e9rents acteurs politiques \u2013 chacun \u00e0 partir de sa position respective \u2013 au processus de construction et de d\u00e9veloppement.<\/p>\n<p>Voici le texte int\u00e9gral de ce discours :<\/p>\n<p>\u00ab Au nom d\u2019Allah, le Mis\u00e9ricordieux, le Compatissant<\/p>\n<p>Que les b\u00e9n\u00e9dictions d\u2019Allah soient sur son Saint Proph\u00e8te<\/p>\n<p>MM. les ministres ;<\/p>\n<p>Coll\u00e8gues d\u00e9put\u00e9s ;<\/p>\n<p>Mesdames et Messieurs ;<\/p>\n<p>Nous voil\u00e0 \u00e0 nouveau de retour aujourd\u2019hui pour reprendre l\u2019exercice de nos fonctions constitutionnelles apr\u00e8s des vacances qui nous ont permis de prendre contact avec nos \u00e9lecteurs afin de mieux conna\u00eetre leurs probl\u00e8mes et leurs pr\u00e9occupations et d\u2019\u00e9couter leurs points de vue sur l\u2019ensemble des questions d\u2019int\u00e9r\u00eat g\u00e9n\u00e9ral.<\/p>\n<p>Si notre action l\u00e9gislative et de contr\u00f4le a \u00e9t\u00e9 interrompue au cours des deux derniers mois, ces vacances nous ont permis n\u00e9anmoins de redoubler d\u2019efforts dans le domaine de la diplomatie parlementaire aux niveaux arabe, continental et international, que ce soit \u00e0 travers la participation active aux conf\u00e9rences parlementaires \u00e0 l\u2019\u00e9tranger ou l\u2019accueil des d\u00e9l\u00e9gations venues dans notre pays.<\/p>\n<p>Chers coll\u00e8gues d\u00e9put\u00e9s ;<\/p>\n<p>L\u2019ouverture de cette session co\u00efncide avec notre c\u00e9l\u00e9bration de l\u2019A\u00efd El-Fitr, qui constitue une occasion privil\u00e9gi\u00e9e pour r\u00e9fl\u00e9chir aux significations profondes qu\u2019il symbolise, \u00e0 savoir la tol\u00e9rance, l\u2019entraide et la fraternit\u00e9, et intervient \u00e0 la fin du mois b\u00e9ni du Ramadan, le mois du repentir et de l\u2019ob\u00e9issance, qui nous apprend \u00e0 donner, investir dans le bien et \u00e0 partager nos sentiments avec nos fr\u00e8res, autant de valeurs qui ont constitu\u00e9, \u00e0 travers les \u00e2ges, la garantie la plus s\u00fbre de la coh\u00e9sion de notre soci\u00e9t\u00e9 et du renforcement de notre unit\u00e9 nationale.<\/p>\n<p>Il n\u2019est donc pas surprenant que ce mois sacr\u00e9 constitue le cadre temporel de l\u2019appel au dialogue lanc\u00e9 par Son Excellence le Pr\u00e9sident de la R\u00e9publique, M. Mohamed Ould Cheikh El Ghazouani, en concr\u00e9tisation de l\u2019engagement qu\u2019il a pris dans son programme \u00e9lectoral, \u00ab Mon ambition pour la Nation \u00bb.<\/p>\n<p>Je saisis cette occasion pour exhorter toutes les formations de notre classe politique \u00e0 r\u00e9pondre \u00e0 cet appel en vue de poursuivre l\u2019approche d\u2019ouverture et de concertation, qui permet la participation effective des diff\u00e9rents acteurs politiques \u2013 chacun \u00e0 partir de sa position respective \u2013 au processus de construction et de d\u00e9veloppement.<\/p>\n<p>Messieurs, Mesdames ;<\/p>\n<p>Ces valeurs et cette approche sont parmi les facteurs les plus importants qui ont fait de notre pays, et continueront de le faire, par la gr\u00e2ce d\u2019Allah, le Tout-Puissant, une exception dans son environnement turbulent, et dans de nombreux pays du monde qui assiste aujourd\u2019hui \u00e0 une nouvelle restructuration, o\u00f9 certaines cartes sont redessin\u00e9es, o\u00f9 des pays ratent le coche et d\u2019autres disparaissent.<\/p>\n<p>Gr\u00e2ce \u00e0 cette approche, nous pr\u00e9servons notre stabilit\u00e9, consolidons notre d\u00e9mocratie, renfor\u00e7ons nos acquis, poursuivons notre processus de d\u00e9veloppement, consolidons notre position au plan r\u00e9gional et construisons des ponts de coop\u00e9ration avec nos fr\u00e8res et amis, en particulier nos voisins de divers c\u00f4t\u00e9s de nos fronti\u00e8res, avec lesquels nous sommes li\u00e9s par la religion, la parent\u00e9, l\u2019histoire, la g\u00e9ographie en plus des int\u00e9r\u00eats communs.<\/p>\n<p>Conscient de ces faits, notre pays a toujours \u00e9t\u00e9 soucieux \u2013 et continue de l\u2019\u00eatre \u2013 de faire en sorte que nos \u00e9changes et notre communication avec ces fr\u00e8res se poursuivent, voire s\u2019intensifient, d\u2019une mani\u00e8re qui serve nos int\u00e9r\u00eats communs, dans un climat de fraternit\u00e9 et dans un cadre de respect de la souverainet\u00e9, d\u2019observation des lois et de pr\u00e9servation de la s\u00e9curit\u00e9 int\u00e9rieure de nos pays.<\/p>\n<p>Messieurs les Ministres ;<\/p>\n<p>Chers coll\u00e8gues d\u00e9put\u00e9s ;<\/p>\n<p>Messieurs, Mesdames ;<\/p>\n<p>Nous ouvrons \u00e9galement notre session au moment m\u00eame o\u00f9 l\u2019ennemi sioniste viole l\u2019accord de cessez-le-feu et reprend son agression barbare contre notre peuple en Palestine occup\u00e9e.<\/p>\n<p>Dans ce contexte, nous appelons le monde entier \u00e0 tout mettre en \u0153uvre pour mettre fin aux massacres dont ils sont victimes.<\/p>\n<p>Chers coll\u00e8gues d\u00e9put\u00e9s ;<\/p>\n<p>Je ne crois pas avoir besoin de vous appeler \u00e0 poursuivre le s\u00e9rieux et le d\u00e9vouement dont j\u2019ai \u00e9t\u00e9 t\u00e9moin chez vous, ainsi que votre empressement \u00e0 assister aux r\u00e9unions des commissions, aux d\u00e9bats en s\u00e9ance pl\u00e9ni\u00e8re et au vote des textes importants qui vous attendent, au premier rang desquels figure la discussion des travaux de la commission charg\u00e9e de r\u00e9viser le r\u00e8glement int\u00e9rieur de l\u2019Assembl\u00e9e nationale, qui, nous l\u2019esp\u00e9rons, contribuera au d\u00e9veloppement du travail parlementaire.<\/p>\n<p>Tout en d\u00e9clarant, avec la b\u00e9n\u00e9diction d\u2019Allah, l\u2019ouverture de la deuxi\u00e8me session ordinaire de l\u2019ann\u00e9e parlementaire 2024-2025, conform\u00e9ment \u00e0 l\u2019article 52 (nouveau) de la Constitution et \u00e0 l\u2019article 55 du R\u00e8glement int\u00e9rieur de l\u2019Assembl\u00e9e nationale, je vous souhaite plein succ\u00e8s dans votre mission.<\/p>\n<p>Que la paix, la mis\u00e9ricorde et les b\u00e9n\u00e9dictions d\u2019Allah soient sur vous \u00bb.<br \/>\nAmi<\/p>\n","protected":false},"excerpt":{"rendered":"<p>La deuxi\u00e8me session ordinaire du Parlement 2024 \u2013 2025 a \u00e9t\u00e9 ouverte mardi apr\u00e8s- midi \u00e0 Nouakchott \u00e0 l\u2019Assembl\u00e9e nationale. La c\u00e9r\u00e9monie pr\u00e9sid\u00e9e par M. Bamba Ould Meguett, pr\u00e9sident de cette chambre s\u2019est d\u00e9roul\u00e9e ne pr\u00e9sence de plusieurs en pr\u00e9sence de plusieurs membres du gouvernement et des d\u00e9put\u00e9s de cette auguste assembl\u00e9e. La c\u00e9r\u00e9monie d\u2019ouverture &hellip;<\/p>\n","protected":false},"author":2,"featured_media":14817,"comment_status":"open","ping_status":"open","sticky":false,"template":"","format":"standard","meta":{"footnotes":""},"categories":[18,31],"tags":[],"class_list":["post-14816","post","type-post","status-publish","format-standard","has-post-thumbnail","hentry","category-actualites","category-politique-et-reportages"],"_links":{"self":[{"href":"https:\/\/ladepeche.mr\/index.php?rest_route=\/wp\/v2\/posts\/14816","targetHints":{"allow":["GET"]}}],"collection":[{"href":"https:\/\/ladepeche.mr\/index.php?rest_route=\/wp\/v2\/posts"}],"about":[{"href":"https:\/\/ladepeche.mr\/index.php?rest_route=\/wp\/v2\/types\/post"}],"author":[{"embeddable":true,"href":"https:\/\/ladepeche.mr\/index.php?rest_route=\/wp\/v2\/users\/2"}],"replies":[{"embeddable":true,"href":"https:\/\/ladepeche.mr\/index.php?rest_route=%2Fwp%2Fv2%2Fcomments&post=14816"}],"version-history":[{"count":1,"href":"https:\/\/ladepeche.mr\/index.php?rest_route=\/wp\/v2\/posts\/14816\/revisions"}],"predecessor-version":[{"id":14818,"href":"https:\/\/ladepeche.mr\/index.php?rest_route=\/wp\/v2\/posts\/14816\/revisions\/14818"}],"wp:featuredmedia":[{"embeddable":true,"href":"https:\/\/ladepeche.mr\/index.php?rest_route=\/wp\/v2\/media\/14817"}],"wp:attachment":[{"href":"https:\/\/ladepeche.mr\/index.php?rest_route=%2Fwp%2Fv2%2Fmedia&parent=14816"}],"wp:term":[{"taxonomy":"category","embeddable":true,"href":"https:\/\/ladepeche.mr\/index.php?rest_route=%2Fwp%2Fv2%2Fcategories&post=14816"},{"taxonomy":"post_tag","embeddable":true,"href":"https:\/\/ladepeche.mr\/index.php?rest_route=%2Fwp%2Fv2%2Ftags&post=14816"}],"curies":[{"name":"wp","href":"https:\/\/api.w.org\/{rel}","templated":true}]}}