{"id":14819,"date":"2025-04-02T22:17:26","date_gmt":"2025-04-02T22:17:26","guid":{"rendered":"https:\/\/ladepeche.mr\/?p=14819"},"modified":"2025-04-02T22:17:26","modified_gmt":"2025-04-02T22:17:26","slug":"le-president-de-la-republique-recoit-lenvoye-personnel-du-secretaire-general-de-lonu-pour-le-sahara-occidental","status":"publish","type":"post","link":"https:\/\/ladepeche.mr\/?p=14819","title":{"rendered":"Le pr\u00e9sident de la R\u00e9publique re\u00e7oit l\u2019envoy\u00e9 personnel du secr\u00e9taire g\u00e9n\u00e9ral de l\u2019ONU pour le Sahara occidental"},"content":{"rendered":"<p>Son Excellence le Pr\u00e9sident de la R\u00e9publique, Monsieur Mohamed Ould Cheikh El-Ghazouani a re\u00e7u, mercredi au Palais pr\u00e9sidentiel \u00e0 Nouakchott, l\u2019Envoy\u00e9 personnel du Secr\u00e9taire g\u00e9n\u00e9ral des Nations Unies pour le Sahara occidental, M. Staffan de Mistura.<\/p>\n<p>L\u2019entretien s\u2019est d\u00e9roul\u00e9 en pr\u00e9sence de M. Nani Ould Chrougha, ministre charg\u00e9 du cabinet du Pr\u00e9sident de la R\u00e9publique, de M. Sidi Mohamed Ould Ghaber, conseiller \u00e0 la Pr\u00e9sidence de la R\u00e9publique, et de M. Mahfoudh Ould Brahim, conseiller \u00e0 la Pr\u00e9sidence de la R\u00e9publique.<\/p>\n<p>Ami<\/p>\n","protected":false},"excerpt":{"rendered":"<p>Son Excellence le Pr\u00e9sident de la R\u00e9publique, Monsieur Mohamed Ould Cheikh El-Ghazouani a re\u00e7u, mercredi au Palais pr\u00e9sidentiel \u00e0 Nouakchott, l\u2019Envoy\u00e9 personnel du Secr\u00e9taire g\u00e9n\u00e9ral des Nations Unies pour le Sahara occidental, M. Staffan de Mistura. L\u2019entretien s\u2019est d\u00e9roul\u00e9 en pr\u00e9sence de M. Nani Ould Chrougha, ministre charg\u00e9 du cabinet du Pr\u00e9sident de la R\u00e9publique, &hellip;<\/p>\n","protected":false},"author":2,"featured_media":14820,"comment_status":"open","ping_status":"open","sticky":false,"template":"","format":"standard","meta":{"footnotes":""},"categories":[18,29],"tags":[],"class_list":["post-14819","post","type-post","status-publish","format-standard","has-post-thumbnail","hentry","category-actualites","category-monde"],"_links":{"self":[{"href":"https:\/\/ladepeche.mr\/index.php?rest_route=\/wp\/v2\/posts\/14819","targetHints":{"allow":["GET"]}}],"collection":[{"href":"https:\/\/ladepeche.mr\/index.php?rest_route=\/wp\/v2\/posts"}],"about":[{"href":"https:\/\/ladepeche.mr\/index.php?rest_route=\/wp\/v2\/types\/post"}],"author":[{"embeddable":true,"href":"https:\/\/ladepeche.mr\/index.php?rest_route=\/wp\/v2\/users\/2"}],"replies":[{"embeddable":true,"href":"https:\/\/ladepeche.mr\/index.php?rest_route=%2Fwp%2Fv2%2Fcomments&post=14819"}],"version-history":[{"count":1,"href":"https:\/\/ladepeche.mr\/index.php?rest_route=\/wp\/v2\/posts\/14819\/revisions"}],"predecessor-version":[{"id":14821,"href":"https:\/\/ladepeche.mr\/index.php?rest_route=\/wp\/v2\/posts\/14819\/revisions\/14821"}],"wp:featuredmedia":[{"embeddable":true,"href":"https:\/\/ladepeche.mr\/index.php?rest_route=\/wp\/v2\/media\/14820"}],"wp:attachment":[{"href":"https:\/\/ladepeche.mr\/index.php?rest_route=%2Fwp%2Fv2%2Fmedia&parent=14819"}],"wp:term":[{"taxonomy":"category","embeddable":true,"href":"https:\/\/ladepeche.mr\/index.php?rest_route=%2Fwp%2Fv2%2Fcategories&post=14819"},{"taxonomy":"post_tag","embeddable":true,"href":"https:\/\/ladepeche.mr\/index.php?rest_route=%2Fwp%2Fv2%2Ftags&post=14819"}],"curies":[{"name":"wp","href":"https:\/\/api.w.org\/{rel}","templated":true}]}}