{"id":1482,"date":"2022-08-17T15:43:51","date_gmt":"2022-08-17T15:43:51","guid":{"rendered":"https:\/\/ladepeche.mr\/?p=1482"},"modified":"2022-08-18T08:43:06","modified_gmt":"2022-08-18T08:43:06","slug":"cloture-de-la-2eme-edition-du-festival-culturel-et-sportif-de-rachid","status":"publish","type":"post","link":"https:\/\/ladepeche.mr\/?p=1482","title":{"rendered":"Cl\u00f4ture de la 2\u00e8me \u00e9dition du festival culturel et sportif de Rachid"},"content":{"rendered":"<p>La deuxi\u00e8me \u00e9dition du festival culturel et sportif de Rachid a \u00e9t\u00e9 cl\u00f4tur\u00e9e mardi soir apr\u00e8s 4 journ\u00e9es d\u2019intenses activit\u00e9s.<\/p>\n<p>Dans son mot de cl\u00f4ture, la hakem de la moughataa de Tidjikja, M. Lemana Ould Ali a affirm\u00e9 que le festival a fait revivre la lutte h\u00e9ro\u00efque men\u00e9e par les combattants mauritaniens contre le colonisateur dont la ville de Rachid en est le t\u00e9moin.<\/p>\n<p>De son c\u00f4t\u00e9, le coordinateur g\u00e9n\u00e9ral de ces journ\u00e9es, M. Mohamed El Moctar Ould Habib a remerci\u00e9 tous ceux qui ont contribu\u00e9 \u00e0 la r\u00e9ussite du festival qui, a-t-il dit, a montr\u00e9 l\u2019importance de Rachid par ses nombreux savants qui ont diffus\u00e9 le savoir et ses fils combattants qui ont fait face aux envahisseurs et remport\u00e9 d\u2019importantes batailles.<\/p>\n<p>La c\u00e9r\u00e9monie de cl\u00f4ture a \u00e9t\u00e9 marqu\u00e9e par la distribution de prix aux laur\u00e9ats des concours organis\u00e9s et \u00e0 certains de eux qui ont diffus\u00e9 le savoir dans la commune de Rachid.<\/p>\n<p>La c\u00e9r\u00e9monie s\u2019est d\u00e9roul\u00e9e en pr\u00e9sence du maire de la commune.<\/p>\n<p>Ami<\/p>\n","protected":false},"excerpt":{"rendered":"<p>La deuxi\u00e8me \u00e9dition du festival culturel et sportif de Rachid a \u00e9t\u00e9 cl\u00f4tur\u00e9e mardi soir apr\u00e8s 4 journ\u00e9es d\u2019intenses activit\u00e9s. Dans son mot de cl\u00f4ture, la hakem de la moughataa de Tidjikja, M. Lemana Ould Ali a affirm\u00e9 que le festival a fait revivre la lutte h\u00e9ro\u00efque men\u00e9e par les combattants mauritaniens contre le colonisateur &hellip;<\/p>\n","protected":false},"author":2,"featured_media":1483,"comment_status":"open","ping_status":"open","sticky":false,"template":"","format":"standard","meta":{"footnotes":""},"categories":[15],"tags":[],"class_list":["post-1482","post","type-post","status-publish","format-standard","has-post-thumbnail","hentry","category-culture"],"_links":{"self":[{"href":"https:\/\/ladepeche.mr\/index.php?rest_route=\/wp\/v2\/posts\/1482","targetHints":{"allow":["GET"]}}],"collection":[{"href":"https:\/\/ladepeche.mr\/index.php?rest_route=\/wp\/v2\/posts"}],"about":[{"href":"https:\/\/ladepeche.mr\/index.php?rest_route=\/wp\/v2\/types\/post"}],"author":[{"embeddable":true,"href":"https:\/\/ladepeche.mr\/index.php?rest_route=\/wp\/v2\/users\/2"}],"replies":[{"embeddable":true,"href":"https:\/\/ladepeche.mr\/index.php?rest_route=%2Fwp%2Fv2%2Fcomments&post=1482"}],"version-history":[{"count":1,"href":"https:\/\/ladepeche.mr\/index.php?rest_route=\/wp\/v2\/posts\/1482\/revisions"}],"predecessor-version":[{"id":1484,"href":"https:\/\/ladepeche.mr\/index.php?rest_route=\/wp\/v2\/posts\/1482\/revisions\/1484"}],"wp:featuredmedia":[{"embeddable":true,"href":"https:\/\/ladepeche.mr\/index.php?rest_route=\/wp\/v2\/media\/1483"}],"wp:attachment":[{"href":"https:\/\/ladepeche.mr\/index.php?rest_route=%2Fwp%2Fv2%2Fmedia&parent=1482"}],"wp:term":[{"taxonomy":"category","embeddable":true,"href":"https:\/\/ladepeche.mr\/index.php?rest_route=%2Fwp%2Fv2%2Fcategories&post=1482"},{"taxonomy":"post_tag","embeddable":true,"href":"https:\/\/ladepeche.mr\/index.php?rest_route=%2Fwp%2Fv2%2Ftags&post=1482"}],"curies":[{"name":"wp","href":"https:\/\/api.w.org\/{rel}","templated":true}]}}