{"id":14822,"date":"2025-04-02T22:50:00","date_gmt":"2025-04-02T22:50:00","guid":{"rendered":"https:\/\/ladepeche.mr\/?p=14822"},"modified":"2025-04-02T22:24:47","modified_gmt":"2025-04-02T22:24:47","slug":"en-guinee-les-autorites-annoncent-un-referendum-sur-la-constitution-le-21-septembre","status":"publish","type":"post","link":"https:\/\/ladepeche.mr\/?p=14822","title":{"rendered":"En Guin\u00e9e, les autorit\u00e9s annoncent un r\u00e9f\u00e9rendum sur la Constitution le 21 septembre"},"content":{"rendered":"<p>Le Premier ministre, Bah Oury, avait assur\u00e9 \u00e0 plusieurs reprises que 2025 serait l\u2019ann\u00e9e du \u00ab retour \u00e0 l\u2019ordre constitutionnel \u00bb. Le pr\u00e9sident de la transition, Mamadi Doumbouya, avait aussi \u00e9voqu\u00e9 la tenue d\u2019\u00e9lections cette ann\u00e9e lors de son adresse \u00e0 la nation, le 31 d\u00e9cembre 2024.<\/p>\n<p>L\u2019\u00e9ch\u00e9ance est pr\u00e9sent\u00e9e comme une premi\u00e8re \u00e9tape dans le retour des civils au pouvoir en Guin\u00e9e, plus de trois ans apr\u00e8s le coup d\u2019\u00c9tat qui a renvers\u00e9 Alpha Cond\u00e9. Le gouvernement guin\u00e9en a annonc\u00e9, le 1er avril, la tenue d\u2019un r\u00e9f\u00e9rendum sur la nouvelle Constitution, qui aura lieu le 21 septembre prochain.<br \/>\n\u00ab La date pour la tenue du r\u00e9f\u00e9rendum pour l\u2019adoption de la nouvelle Constitution est fix\u00e9e au dimanche 21 septembre 2025 \u00bb, indique un d\u00e9cret pr\u00e9sidentiel lu \u00e0 la t\u00e9l\u00e9vision publique mardi soir par le g\u00e9n\u00e9ral Amara Camara, ministre secr\u00e9taire g\u00e9n\u00e9ral de la pr\u00e9sidence de la R\u00e9publique.<\/p>\n<p>Le g\u00e9n\u00e9ral Mamadi Doumbouya, \u00e0 la t\u00eate de l\u2019\u00c9tat, avait promis dans ses v\u0153ux du Nouvel an que 2025 serait une \u00ab ann\u00e9e \u00e9lectorale cruciale pour parachever le retour \u00e0 l\u2019ordre constitutionnel \u00bb. Il n\u2019avait cependant pas avanc\u00e9 de calendrier pr\u00e9cis.<\/p>\n<p>Initialement, la junte au pouvoir depuis le putsch du 5 septembre 2021 s\u2019\u00e9tait engag\u00e9e \u00e0 organiser un r\u00e9f\u00e9rendum constitutionnel et \u00e0 transf\u00e9rer le pouvoir \u00e0 des civils \u00e9lus avant fin 2024. Mais aucune de ces promesses n\u2019a \u00e9t\u00e9 tenue.<br \/>\nLire sur https:\/\/www.msn.com\/fr-xl\/actualite\/other\/en-guin%C3%A9e-les-autorit%C3%A9s-annoncent-un-r%C3%A9f%C3%A9rendum-sur-la-constitution-le-21-septembre\/ar-AA1C8BUS?ocid=msedgntp&#038;pc=U531&#038;cvid=11369e4a07b749588acbb354e40497c5&#038;ei=31<\/p>\n","protected":false},"excerpt":{"rendered":"<p>Le Premier ministre, Bah Oury, avait assur\u00e9 \u00e0 plusieurs reprises que 2025 serait l\u2019ann\u00e9e du \u00ab retour \u00e0 l\u2019ordre constitutionnel \u00bb. Le pr\u00e9sident de la transition, Mamadi Doumbouya, avait aussi \u00e9voqu\u00e9 la tenue d\u2019\u00e9lections cette ann\u00e9e lors de son adresse \u00e0 la nation, le 31 d\u00e9cembre 2024. L\u2019\u00e9ch\u00e9ance est pr\u00e9sent\u00e9e comme une premi\u00e8re \u00e9tape dans &hellip;<\/p>\n","protected":false},"author":2,"featured_media":14823,"comment_status":"open","ping_status":"open","sticky":false,"template":"","format":"standard","meta":{"footnotes":""},"categories":[18,29],"tags":[],"class_list":["post-14822","post","type-post","status-publish","format-standard","has-post-thumbnail","hentry","category-actualites","category-monde"],"_links":{"self":[{"href":"https:\/\/ladepeche.mr\/index.php?rest_route=\/wp\/v2\/posts\/14822","targetHints":{"allow":["GET"]}}],"collection":[{"href":"https:\/\/ladepeche.mr\/index.php?rest_route=\/wp\/v2\/posts"}],"about":[{"href":"https:\/\/ladepeche.mr\/index.php?rest_route=\/wp\/v2\/types\/post"}],"author":[{"embeddable":true,"href":"https:\/\/ladepeche.mr\/index.php?rest_route=\/wp\/v2\/users\/2"}],"replies":[{"embeddable":true,"href":"https:\/\/ladepeche.mr\/index.php?rest_route=%2Fwp%2Fv2%2Fcomments&post=14822"}],"version-history":[{"count":1,"href":"https:\/\/ladepeche.mr\/index.php?rest_route=\/wp\/v2\/posts\/14822\/revisions"}],"predecessor-version":[{"id":14824,"href":"https:\/\/ladepeche.mr\/index.php?rest_route=\/wp\/v2\/posts\/14822\/revisions\/14824"}],"wp:featuredmedia":[{"embeddable":true,"href":"https:\/\/ladepeche.mr\/index.php?rest_route=\/wp\/v2\/media\/14823"}],"wp:attachment":[{"href":"https:\/\/ladepeche.mr\/index.php?rest_route=%2Fwp%2Fv2%2Fmedia&parent=14822"}],"wp:term":[{"taxonomy":"category","embeddable":true,"href":"https:\/\/ladepeche.mr\/index.php?rest_route=%2Fwp%2Fv2%2Fcategories&post=14822"},{"taxonomy":"post_tag","embeddable":true,"href":"https:\/\/ladepeche.mr\/index.php?rest_route=%2Fwp%2Fv2%2Ftags&post=14822"}],"curies":[{"name":"wp","href":"https:\/\/api.w.org\/{rel}","templated":true}]}}