{"id":14828,"date":"2025-04-02T23:15:15","date_gmt":"2025-04-02T23:15:15","guid":{"rendered":"https:\/\/ladepeche.mr\/?p=14828"},"modified":"2025-04-02T22:38:12","modified_gmt":"2025-04-02T22:38:12","slug":"lonu-qualifie-de-ridicules-les-affirmations-israeliennes-quil-a-suffisamment-de-nourriture-a-gaza","status":"publish","type":"post","link":"https:\/\/ladepeche.mr\/?p=14828","title":{"rendered":"L\u2019ONU qualifie de \u00ab ridicules \u00bb les affirmations isra\u00e9liennes qu\u2019il a suffisamment de nourriture \u00e0 Gaza"},"content":{"rendered":"<p>Les Nations Unies ont rejet\u00e9 les affirmations isra\u00e9liennes selon lesquelles il y aurait suffisamment de nourriture dans la bande de Gaza, qualifiant ces affirmations de \u00ab ridicules \u00bb alors que les approvisionnements humanitaires sont dangereusement bas.<\/p>\n<p>\u00ab En ce qui concerne l\u2019ONU, c\u2019est ridicule \u00bb, a d\u00e9clar\u00e9 le porte-parole St\u00e9phane Dujarric lors d\u2019une conf\u00e9rence de presse.<\/p>\n<p>\u00ab Nous sommes \u00e0 la fin de nos approvisionnements qui sont arriv\u00e9s par la voie humanitaire. \u2026 Vous savez, le PAM ne ferme pas ses boulangeries pour s\u2019amuser. \u00bb<\/p>\n<p>Dujarric a \u00e9galement r\u00e9fut\u00e9 les affirmations des responsables isra\u00e9liens selon lesquelles  Hamas aurait saisi des fournitures humanitaires entr\u00e9es pendant les six semaines de cessez-le-feu.<\/p>\n<p>\u00ab L\u2019ONU a maintenu une cha\u00eene de contr\u00f4le, et une tr\u00e8s bonne cha\u00eene de contr\u00f4le, pour toute l\u2019aide qu\u2019elle a fournie \u00bb, a-t-il d\u00e9clar\u00e9.<\/p>\n<p>\u00ab [Pendant le cessez-le-feu,] nous avons vu l\u2019aide humanitaire inonder Gaza. Nous avons vu les march\u00e9s reprendre vie. Nous avons vu les prix baisser. Nous avons vu des otages lib\u00e9r\u00e9s. Nous avons vu des d\u00e9tenus palestiniens lib\u00e9r\u00e9s. Nous devons y revenir. \u00bb<\/p>\n<p>Provided by SyndiGate Media Inc. (<\/p>\n<p>Syndigate.info via msn<br \/>\nPhoto freepik.com<\/p>\n","protected":false},"excerpt":{"rendered":"<p>Les Nations Unies ont rejet\u00e9 les affirmations isra\u00e9liennes selon lesquelles il y aurait suffisamment de nourriture dans la bande de Gaza, qualifiant ces affirmations de \u00ab ridicules \u00bb alors que les approvisionnements humanitaires sont dangereusement bas. \u00ab En ce qui concerne l\u2019ONU, c\u2019est ridicule \u00bb, a d\u00e9clar\u00e9 le porte-parole St\u00e9phane Dujarric lors d\u2019une conf\u00e9rence de &hellip;<\/p>\n","protected":false},"author":2,"featured_media":14829,"comment_status":"open","ping_status":"open","sticky":false,"template":"","format":"standard","meta":{"footnotes":""},"categories":[18,29],"tags":[],"class_list":["post-14828","post","type-post","status-publish","format-standard","has-post-thumbnail","hentry","category-actualites","category-monde"],"_links":{"self":[{"href":"https:\/\/ladepeche.mr\/index.php?rest_route=\/wp\/v2\/posts\/14828","targetHints":{"allow":["GET"]}}],"collection":[{"href":"https:\/\/ladepeche.mr\/index.php?rest_route=\/wp\/v2\/posts"}],"about":[{"href":"https:\/\/ladepeche.mr\/index.php?rest_route=\/wp\/v2\/types\/post"}],"author":[{"embeddable":true,"href":"https:\/\/ladepeche.mr\/index.php?rest_route=\/wp\/v2\/users\/2"}],"replies":[{"embeddable":true,"href":"https:\/\/ladepeche.mr\/index.php?rest_route=%2Fwp%2Fv2%2Fcomments&post=14828"}],"version-history":[{"count":1,"href":"https:\/\/ladepeche.mr\/index.php?rest_route=\/wp\/v2\/posts\/14828\/revisions"}],"predecessor-version":[{"id":14830,"href":"https:\/\/ladepeche.mr\/index.php?rest_route=\/wp\/v2\/posts\/14828\/revisions\/14830"}],"wp:featuredmedia":[{"embeddable":true,"href":"https:\/\/ladepeche.mr\/index.php?rest_route=\/wp\/v2\/media\/14829"}],"wp:attachment":[{"href":"https:\/\/ladepeche.mr\/index.php?rest_route=%2Fwp%2Fv2%2Fmedia&parent=14828"}],"wp:term":[{"taxonomy":"category","embeddable":true,"href":"https:\/\/ladepeche.mr\/index.php?rest_route=%2Fwp%2Fv2%2Fcategories&post=14828"},{"taxonomy":"post_tag","embeddable":true,"href":"https:\/\/ladepeche.mr\/index.php?rest_route=%2Fwp%2Fv2%2Ftags&post=14828"}],"curies":[{"name":"wp","href":"https:\/\/api.w.org\/{rel}","templated":true}]}}