{"id":14831,"date":"2025-04-02T23:55:58","date_gmt":"2025-04-02T23:55:58","guid":{"rendered":"https:\/\/ladepeche.mr\/?p=14831"},"modified":"2025-04-02T22:48:20","modified_gmt":"2025-04-02T22:48:20","slug":"arrestation-de-la-journaliste-et-militante-de-ira-warda-ahmed-souleymane-declaration-dira-mauritanie","status":"publish","type":"post","link":"https:\/\/ladepeche.mr\/?p=14831","title":{"rendered":"Arrestation de la journaliste et militante de IRA, Warda Ahmed Souleymane : D\u00e9claration d&#8217;IRA Mauritanie"},"content":{"rendered":"<p>Dans un geste typique des r\u00e9gimes arbitraires et policiers, le r\u00e9gime du g\u00e9n\u00e9ral Mohamed Ould Ghazouani a d\u00e9f\u00e9r\u00e9, mardi 1er avril 2025, la militante des droits de l&#8217;homme et journaliste, membre de la commission de communication de l&#8217;Initiative de R\u00e9surgence du mouvement Abolitionniste (IRA), Warda Ahmed Souleymane, en prison. Cette d\u00e9cision fait suite \u00e0 une plainte d\u00e9pos\u00e9e par Khatri Ould Dja, connu pour son r\u00f4le de d\u2019insulteur et diffameur public, dress\u00e9 par la police politique mauritanienne contre les d\u00e9fenseurs des droits humains luttant contre l\u2019esclavage et l\u2019oppression des personnes d\u2019ascendance africaine.<br \/>\nL&#8217;activiste Warda Ahmed Souleymane a refus\u00e9 de garder le silence sur les obsc\u00e9nit\u00e9s prof\u00e9r\u00e9es par cet agent contre l&#8217;IRA et ses symboles. Lorsqu&#8217;elle a comparu devant le juge d&#8217;instruction, elle a refus\u00e9 de parler sans la pr\u00e9sence du plaignant et a rejet\u00e9 l&#8217;approche d&#8217;intimidation du syst\u00e8me judiciaire servile au profit du bloc ethnique et oligarchique dominant. Les militants les plus fragiles sont quelques fois perdus et forc\u00e9s \u00e0 la capitulation honteuse et publiques car pris en tenaille dans la coordination entre les indicateurs, les juges et les officiers de police judiciaire, tous agissant avec z\u00e8le et impunit\u00e9 en faveur de la reddition du contestataire.<br \/>\nWarda n\u2019a pas c\u00e9d\u00e9 et a refus\u00e9 de se soumettre au dictat politique de la police et la justice politiques mauritaniennes. Donc elle doit aller en prison pour donner l\u2019exemple aux autres militants du courant IRA qui sont dans le collimateur des policiers.<br \/>\nNous, commission de communication de l&#8217;IRA :<br \/>\n1. Condamnons dans les termes les plus forts l\u2019emprisonnement arbitraire d\u2019un des n\u00f4tres et exigeons sa lib\u00e9ration imm\u00e9diate et sans condition.<br \/>\n2. D\u00e9fendons la libert\u00e9 d\u2019expression comme un droit fondamental et non n\u00e9gociable.<br \/>\n3. Condamnons l\u2019utilisation des autorit\u00e9s judiciaires comme outil pour r\u00e9gler des comptes politiques contre des militants pacifiques.<br \/>\n4. Affirmons notre volont\u00e9 de prendre toutes les mesures pacifiques pour obtenir la lib\u00e9ration de notre camarade et d\u00e9fendre les droits et les libert\u00e9s.<br \/>\n5. Pensons que ces actions et jugements h\u00e2tifs sont en contradiction avec  la pression que le r\u00e9gime fait pour emmener les acteurs \u00e0  participer \u00e0  son &#8220;fameux&#8221; dialogue.<\/p>\n<p>6. Prenons \u00e0 t\u00e9moin l\u2019opinion publique nationale et internationale de cette violation flagrante de la libert\u00e9 d\u2019expression, car ce qu\u2019a exprim\u00e9 l\u2019activiste Warda Ahmed Souleymane s\u2019inscrit dans le cadre de la libert\u00e9 d\u2019expression garantie par la loi nationale et les accords internationaux ratifi\u00e9s par la Mauritanie. <\/p>\n<p>Nouakchott, 02\/04\/2025<br \/>\nLa commission de communication<\/p>\n","protected":false},"excerpt":{"rendered":"<p>Dans un geste typique des r\u00e9gimes arbitraires et policiers, le r\u00e9gime du g\u00e9n\u00e9ral Mohamed Ould Ghazouani a d\u00e9f\u00e9r\u00e9, mardi 1er avril 2025, la militante des droits de l&#8217;homme et journaliste, membre de la commission de communication de l&#8217;Initiative de R\u00e9surgence du mouvement Abolitionniste (IRA), Warda Ahmed Souleymane, en prison. Cette d\u00e9cision fait suite \u00e0 une &hellip;<\/p>\n","protected":false},"author":2,"featured_media":14832,"comment_status":"open","ping_status":"open","sticky":false,"template":"","format":"standard","meta":{"footnotes":""},"categories":[18],"tags":[],"class_list":["post-14831","post","type-post","status-publish","format-standard","has-post-thumbnail","hentry","category-actualites"],"_links":{"self":[{"href":"https:\/\/ladepeche.mr\/index.php?rest_route=\/wp\/v2\/posts\/14831","targetHints":{"allow":["GET"]}}],"collection":[{"href":"https:\/\/ladepeche.mr\/index.php?rest_route=\/wp\/v2\/posts"}],"about":[{"href":"https:\/\/ladepeche.mr\/index.php?rest_route=\/wp\/v2\/types\/post"}],"author":[{"embeddable":true,"href":"https:\/\/ladepeche.mr\/index.php?rest_route=\/wp\/v2\/users\/2"}],"replies":[{"embeddable":true,"href":"https:\/\/ladepeche.mr\/index.php?rest_route=%2Fwp%2Fv2%2Fcomments&post=14831"}],"version-history":[{"count":1,"href":"https:\/\/ladepeche.mr\/index.php?rest_route=\/wp\/v2\/posts\/14831\/revisions"}],"predecessor-version":[{"id":14833,"href":"https:\/\/ladepeche.mr\/index.php?rest_route=\/wp\/v2\/posts\/14831\/revisions\/14833"}],"wp:featuredmedia":[{"embeddable":true,"href":"https:\/\/ladepeche.mr\/index.php?rest_route=\/wp\/v2\/media\/14832"}],"wp:attachment":[{"href":"https:\/\/ladepeche.mr\/index.php?rest_route=%2Fwp%2Fv2%2Fmedia&parent=14831"}],"wp:term":[{"taxonomy":"category","embeddable":true,"href":"https:\/\/ladepeche.mr\/index.php?rest_route=%2Fwp%2Fv2%2Fcategories&post=14831"},{"taxonomy":"post_tag","embeddable":true,"href":"https:\/\/ladepeche.mr\/index.php?rest_route=%2Fwp%2Fv2%2Ftags&post=14831"}],"curies":[{"name":"wp","href":"https:\/\/api.w.org\/{rel}","templated":true}]}}