{"id":14834,"date":"2025-04-03T09:01:19","date_gmt":"2025-04-03T09:01:19","guid":{"rendered":"https:\/\/ladepeche.mr\/?p=14834"},"modified":"2025-04-02T23:04:41","modified_gmt":"2025-04-02T23:04:41","slug":"le-senegal-divise-au-sujet-de-la-revision-de-la-loi-damnistie","status":"publish","type":"post","link":"https:\/\/ladepeche.mr\/?p=14834","title":{"rendered":"Le S\u00e9n\u00e9gal divis\u00e9 au sujet de la r\u00e9vision de la loi d&#8217;amnistie"},"content":{"rendered":"<p>Entre mars 2021 et mars 2024, ils seraient plus de 60 \u00e0 avoir perdu la vie au S\u00e9n\u00e9gal dans les manifestations violentes entre les forces de l&#8217;ordre et des civils, principalement de l&#8217;opposition.<\/p>\n<p>Durant cette p\u00e9riode, le pays a en effet connu des troubles ayant entra\u00een\u00e9 des crimes, notamment des meurtres, la torture ou encore des pillages\u2026<\/p>\n<p>\u00c0 l&#8217;origine de cette situation, la contestation d&#8217;un \u00e9ventuel troisi\u00e8me mandat du pr\u00e9sident de l&#8217;\u00e9poque, Macky Sall.<\/p>\n<p>Mais en mars 2024, quelques jours avant de quitter la pr\u00e9sidence, ce dernier a dit vouloir apaiser le pays et r\u00e9concilier les S\u00e9n\u00e9galais. La promulgation par la suite d&#8217;une loi d&#8217;amnistie fait que certaines personnes accus\u00e9es d&#8217;avoir particip\u00e9 aux crimes n&#8217;ont pas eu \u00e0 r\u00e9pondre de leurs actes.<\/p>\n<p>Deux poids et deux mesures de tout bord ?<br \/>\nMoussa Diao, professeur \u00e9m\u00e9rite de Sciences Po \u00e0 l&#8217;universit\u00e9 Gaston Berger du S\u00e9n\u00e9gal, fait remarquer que cette loi d&#8217;amnistie a profit\u00e9 au camp de l&#8217;ancien pr\u00e9sident.<\/p>\n<p>&#8220;C&#8217;est le pr\u00e9sident Macky Sall qui a fait voter cette loi d&#8217;amnistie pour en fait prot\u00e9ger ceux qui sont de son camp qui sont impliqu\u00e9s dans ces tueries qui ont eu lieu pendant les manifestations de mars 2021 \u00e0 mars 2024&#8221;, estime-t-il.<\/p>\n<p>Alors qu&#8217;au Parlement domin\u00e9 par le Pastef du pr\u00e9sident Diomaye Faye, les d\u00e9put\u00e9s doivent trancher au sujet de l&#8217;abrogation partielle de cette loi, certains estiment que, si des poursuites judiciaires devaient suivre \u00e0 l&#8217;avenir, la neutralit\u00e9 doit s&#8217;imposer.<\/p>\n<p>&#8220;Les manifestants de l&#8217;opposition ont aussi \u00e9t\u00e9 auteurs de crimes, parce que ce ne sont pas seulement les forces de d\u00e9fense et de s\u00e9curit\u00e9 qui ont commis des crimes, mais tout cela, c&#8217;est peut-\u00eatre \u00e0 la justice de le d\u00e9terminer&#8221;, rapplelle Ahmed Dieme, chercheur sur des questions de s\u00e9curit\u00e9.<\/p>\n<p>Il poursuit en disant que &#8220;quand on se lance dans une loi interpr\u00e9tative, il faudrait qu&#8217;elle touche l&#8217;ensemble de tous les crimes commis \u00e0 la fois par les forces de d\u00e9fense et de s\u00e9curit\u00e9 et par les civils&#8221;.<\/p>\n<p>Eviter \u00e0 tout prix la division<br \/>\nUne partie de l&#8217;opinion s\u00e9n\u00e9galaise estime que cette nuance dans la discussion sur cette loi aurait des vis\u00e9es politiques et que la lutte contre l&#8217;impunit\u00e9 viendrait au second plan. Une situation qui risque de diviser le pays note Ahmed Dieme.<\/p>\n<p>&#8220;On regardera effectivement un pays et on va le g\u00e9rer sous le mode d&#8217;une esp\u00e8ce de division, c&#8217;est-\u00e0-dire les uns et les autres vont se regarder constamment en chiens de fa\u00efence. Or, un gouvernement et un \u00c9tat ont aussi pour t\u00e2che de cr\u00e9er l&#8217;unit\u00e9 nationale&#8221;, met en garde Ahmed Dieme<\/p>\n<p>Mais plusieurs familles de victimes des violences pr\u00e9\u00e9lectorales attendent que justice soit faite. Diff\u00e9rentes organisations internationales, notamment Amnesty International, qui avait par exemple accompagn\u00e9 en justice nombre de ces familles de victimes, estiment que l&#8217;abrogation de ladite loi est un pas vers l&#8217;obtention de la justice.<\/p>\n<p>Auteur: Etienne Gatanazi<br \/>\nhttps:\/\/www.msn.com\/fr-xl\/actualite\/other\/le-s%C3%A9n%C3%A9gal-divis%C3%A9-au-sujet-de-la-r%C3%A9vision-de-la-loi-d-amnistie\/ar-AA1CaH3o?ocid=msedgntp&#038;pc=U531&#038;cvid=021a6253a0cd4ba9999667d9a39de9ff&#038;ei=9<\/p>\n","protected":false},"excerpt":{"rendered":"<p>Entre mars 2021 et mars 2024, ils seraient plus de 60 \u00e0 avoir perdu la vie au S\u00e9n\u00e9gal dans les manifestations violentes entre les forces de l&#8217;ordre et des civils, principalement de l&#8217;opposition. Durant cette p\u00e9riode, le pays a en effet connu des troubles ayant entra\u00een\u00e9 des crimes, notamment des meurtres, la torture ou encore &hellip;<\/p>\n","protected":false},"author":2,"featured_media":14835,"comment_status":"open","ping_status":"open","sticky":false,"template":"","format":"standard","meta":{"footnotes":""},"categories":[18,29],"tags":[],"class_list":["post-14834","post","type-post","status-publish","format-standard","has-post-thumbnail","hentry","category-actualites","category-monde"],"_links":{"self":[{"href":"https:\/\/ladepeche.mr\/index.php?rest_route=\/wp\/v2\/posts\/14834","targetHints":{"allow":["GET"]}}],"collection":[{"href":"https:\/\/ladepeche.mr\/index.php?rest_route=\/wp\/v2\/posts"}],"about":[{"href":"https:\/\/ladepeche.mr\/index.php?rest_route=\/wp\/v2\/types\/post"}],"author":[{"embeddable":true,"href":"https:\/\/ladepeche.mr\/index.php?rest_route=\/wp\/v2\/users\/2"}],"replies":[{"embeddable":true,"href":"https:\/\/ladepeche.mr\/index.php?rest_route=%2Fwp%2Fv2%2Fcomments&post=14834"}],"version-history":[{"count":1,"href":"https:\/\/ladepeche.mr\/index.php?rest_route=\/wp\/v2\/posts\/14834\/revisions"}],"predecessor-version":[{"id":14836,"href":"https:\/\/ladepeche.mr\/index.php?rest_route=\/wp\/v2\/posts\/14834\/revisions\/14836"}],"wp:featuredmedia":[{"embeddable":true,"href":"https:\/\/ladepeche.mr\/index.php?rest_route=\/wp\/v2\/media\/14835"}],"wp:attachment":[{"href":"https:\/\/ladepeche.mr\/index.php?rest_route=%2Fwp%2Fv2%2Fmedia&parent=14834"}],"wp:term":[{"taxonomy":"category","embeddable":true,"href":"https:\/\/ladepeche.mr\/index.php?rest_route=%2Fwp%2Fv2%2Fcategories&post=14834"},{"taxonomy":"post_tag","embeddable":true,"href":"https:\/\/ladepeche.mr\/index.php?rest_route=%2Fwp%2Fv2%2Ftags&post=14834"}],"curies":[{"name":"wp","href":"https:\/\/api.w.org\/{rel}","templated":true}]}}