{"id":14840,"date":"2025-04-03T13:48:09","date_gmt":"2025-04-03T13:48:09","guid":{"rendered":"https:\/\/ladepeche.mr\/?p=14840"},"modified":"2025-04-03T13:48:09","modified_gmt":"2025-04-03T13:48:09","slug":"usa-limpact-des-nouveaux-droits-de-douane-sur-les-economies-africaines","status":"publish","type":"post","link":"https:\/\/ladepeche.mr\/?p=14840","title":{"rendered":"USA : l&#8217;impact des nouveaux droits de douane sur les \u00e9conomies africaines"},"content":{"rendered":"<p>Le pr\u00e9sident Donald Trump a annonc\u00e9 mercredi des projets de tarifs douaniers radicaux s&#8217;\u00e9levant parfois jusqu&#8217;\u00e0 50% pour le Lesotho notamment.<\/p>\n<p>Le pr\u00e9sident Donald Trump a annonc\u00e9 mercredi des projets de tarifs douaniers radicaux.<\/p>\n<p>Cette d\u00e9cision du chef d\u2019\u00e9tat am\u00e9ricain s\u2019inscrit dans le cadre de sa volont\u00e9 de d\u00e9manteler le syst\u00e8me \u00e9conomique mondial que les \u00c9tats-Unis ont contribu\u00e9 \u00e0 mettre en place apr\u00e8s la Seconde Guerre mondiale.<br \/>\nAlors que les \u00e9changes commerciaux entre les \u00c9tats-Unis et l\u2019Afrique subsaharienne totalisent plus de 47 milliards de dollars am\u00e9ricains, des pays comme le Lesotho, Madagascar ou Maurice sont profond\u00e9ment affect\u00e9s par ces nouveaux droits de douane port\u00e9s jusqu\u2019\u00e0 50% sur leurs exportations du Lesotho ves les \u00c9tats-Unis.<\/p>\n<p>&#8220;Les droits de douane prot\u00e8gent notre pays contre ceux qui veulent nous nuire sur le plan \u00e9conomique. Et nous cherchons beaucoup de gens qui nous font du tort sur le plan \u00e9conomique. Peut-\u00eatre pas de mani\u00e8re aussi \u00e9vidente, mais ils nous ont caus\u00e9 un \u00e9norme pr\u00e9judice \u00e9conomique. Mais plus important encore, ils vont nous donner de la croissance. Ces droits de douane vont nous donner une croissance comme vous ne l&#8217;avez jamais vue auparavant, et ce sera quelque chose de tr\u00e8s sp\u00e9cial&#8221;, a d\u00e9clar\u00e9 le pr\u00e9sident Trump.<\/p>\n<p>Le niveau minium appliqu\u00e9 par les Etats-Unis dans cette nouvelle politique tarifaire est de 10%. Un pourcentage de droit de douane qui touche la majorit\u00e9 des pays africains.<\/p>\n<p>La Namibie et la C\u00f4te d\u2019Ivoire se voient imposer un taux de 21% , la R\u00e9publique d\u00e9mocratique du Congo et le Cameroun 11%.<br \/>\n&#8220;Pendant des d\u00e9cennies, notre pays a \u00e9t\u00e9 pill\u00e9, saccag\u00e9, viol\u00e9 et spoli\u00e9 par des nations proches ou lointaines, amies ou ennemies. Les travailleurs am\u00e9ricains de l&#8217;acier, de l&#8217;automobile, les agriculteurs et les artisans qualifi\u00e9s. Beaucoup d&#8217;entre eux sont pr\u00e9sents parmi nous aujourd&#8217;hui. Ils ont vraiment beaucoup souffert. Ils ont assist\u00e9 avec angoisse au vol de nos emplois par des dirigeants \u00e9trangers, au saccage de nos usines par des tricheurs \u00e9trangers et \u00e0 la destruction de notre beau r\u00eave am\u00e9ricain par des charognards \u00e9trangers.&#8221; a indiqu\u00e9 le pr\u00e9sident am\u00e9ricain.<\/p>\n<p>Alors que les exportations totales de marchandise des pays d\u2019Afrique subsaharienne tels que le p\u00e9trole brut, les m\u00e9taux pr\u00e9cieux ou encore les v\u00e9hicules automobiles et les v\u00eatements repr\u00e9sentent une part importante des \u00e9changes commerciaux entre ces deux continents, ces nouvelles taxes risquent de p\u00e9naliser les secteurs manufacturiers africains en rendant les produits moins comp\u00e9titifs sur le territoire am\u00e9ricain.<br \/>\nhttps:\/\/www.msn.com\/fr-xl\/actualite\/afrique\/usa-l-impact-des-nouveaux-droits-de-douane-sur-les-%C3%A9conomies-africaines\/ar-AA1CdgRh?ocid=msedgntp&#038;pc=U531&#038;cvid=8ae9dae1b6d941ddb790a3220909b302&#038;ei=20<\/p>\n","protected":false},"excerpt":{"rendered":"<p>Le pr\u00e9sident Donald Trump a annonc\u00e9 mercredi des projets de tarifs douaniers radicaux s&#8217;\u00e9levant parfois jusqu&#8217;\u00e0 50% pour le Lesotho notamment. Le pr\u00e9sident Donald Trump a annonc\u00e9 mercredi des projets de tarifs douaniers radicaux. Cette d\u00e9cision du chef d\u2019\u00e9tat am\u00e9ricain s\u2019inscrit dans le cadre de sa volont\u00e9 de d\u00e9manteler le syst\u00e8me \u00e9conomique mondial que les &hellip;<\/p>\n","protected":false},"author":2,"featured_media":14841,"comment_status":"open","ping_status":"open","sticky":false,"template":"","format":"standard","meta":{"footnotes":""},"categories":[18,29],"tags":[],"class_list":["post-14840","post","type-post","status-publish","format-standard","has-post-thumbnail","hentry","category-actualites","category-monde"],"_links":{"self":[{"href":"https:\/\/ladepeche.mr\/index.php?rest_route=\/wp\/v2\/posts\/14840","targetHints":{"allow":["GET"]}}],"collection":[{"href":"https:\/\/ladepeche.mr\/index.php?rest_route=\/wp\/v2\/posts"}],"about":[{"href":"https:\/\/ladepeche.mr\/index.php?rest_route=\/wp\/v2\/types\/post"}],"author":[{"embeddable":true,"href":"https:\/\/ladepeche.mr\/index.php?rest_route=\/wp\/v2\/users\/2"}],"replies":[{"embeddable":true,"href":"https:\/\/ladepeche.mr\/index.php?rest_route=%2Fwp%2Fv2%2Fcomments&post=14840"}],"version-history":[{"count":1,"href":"https:\/\/ladepeche.mr\/index.php?rest_route=\/wp\/v2\/posts\/14840\/revisions"}],"predecessor-version":[{"id":14842,"href":"https:\/\/ladepeche.mr\/index.php?rest_route=\/wp\/v2\/posts\/14840\/revisions\/14842"}],"wp:featuredmedia":[{"embeddable":true,"href":"https:\/\/ladepeche.mr\/index.php?rest_route=\/wp\/v2\/media\/14841"}],"wp:attachment":[{"href":"https:\/\/ladepeche.mr\/index.php?rest_route=%2Fwp%2Fv2%2Fmedia&parent=14840"}],"wp:term":[{"taxonomy":"category","embeddable":true,"href":"https:\/\/ladepeche.mr\/index.php?rest_route=%2Fwp%2Fv2%2Fcategories&post=14840"},{"taxonomy":"post_tag","embeddable":true,"href":"https:\/\/ladepeche.mr\/index.php?rest_route=%2Fwp%2Fv2%2Ftags&post=14840"}],"curies":[{"name":"wp","href":"https:\/\/api.w.org\/{rel}","templated":true}]}}