{"id":14843,"date":"2025-04-03T14:15:04","date_gmt":"2025-04-03T14:15:04","guid":{"rendered":"https:\/\/ladepeche.mr\/?p=14843"},"modified":"2025-04-03T13:51:51","modified_gmt":"2025-04-03T13:51:51","slug":"trump-va-faire-du-mal-a-tout-le-monde-avec-ses-escalades-tarifaires","status":"publish","type":"post","link":"https:\/\/ladepeche.mr\/?p=14843","title":{"rendered":"Trump va faire du mal \u00e0 tout le monde avec ses &#8220;escalades tarifaires&#8221;"},"content":{"rendered":"<p>Christine Lagarde, pr\u00e9sidente de la Banque centrale europ\u00e9enne, estime que les derniers tarifs douaniers annonc\u00e9s par Donald Trump auront un impact n\u00e9gatif \u00e0 l&#8217;\u00e9chelle mondiale.<\/p>\n<p>Donald Trump a annonc\u00e9 un &#8220;jour de lib\u00e9ration&#8221;, le jour o\u00f9 il annoncera des tarifs douaniers \u00e9lev\u00e9s sur de nombreux produits entrant aux \u00c9tats-Unis. Selon le Washington Post, le pr\u00e9sident am\u00e9ricain annoncera un tarif de 20 % sur la plupart des marchandises import\u00e9es aux \u00c9tats-Unis, cette fois-ci il ne cible plus plusieurs pays ou produits sp\u00e9cifiques.<br \/>\nChristine Lagarde, la pr\u00e9sidente de la Banque centrale europ\u00e9enne, s&#8217;est exprim\u00e9 sur ces nouveaux tarifs, indiquant que &#8220;ce sera n\u00e9gatif partout dans le monde, et l&#8217;intensit\u00e9 ainsi que la dur\u00e9e de l\u2019impact varieront en fonction de l\u2019\u00e9tendue des mesures, des produits vis\u00e9s, de leur dur\u00e9e et de l\u2019\u00e9ventualit\u00e9 de n\u00e9gociations&#8221;.<\/p>\n<p>Par ailleurs, elle souligne que ces escalades tarifaires peuvent \u00e9galement \u00eatre n\u00e9fastes pour ceux qui les infligent : &#8220;Elles m\u00e8nent \u00e0 des tables de n\u00e9gociation o\u00f9 les parties s\u2019assoient, discutent et finissent par lever certaines de ces barri\u00e8res.&#8221;<\/p>\n<p>(Manon Pierre avec PP &#8211; Source : Guardian, NewsTalk &#8211; Image : \u00a9 picture alliance \/ Eibner-Pressefoto | Eibner-Pressefoto\/Florian Wiegand)via msn.com<\/p>\n","protected":false},"excerpt":{"rendered":"<p>Christine Lagarde, pr\u00e9sidente de la Banque centrale europ\u00e9enne, estime que les derniers tarifs douaniers annonc\u00e9s par Donald Trump auront un impact n\u00e9gatif \u00e0 l&#8217;\u00e9chelle mondiale. Donald Trump a annonc\u00e9 un &#8220;jour de lib\u00e9ration&#8221;, le jour o\u00f9 il annoncera des tarifs douaniers \u00e9lev\u00e9s sur de nombreux produits entrant aux \u00c9tats-Unis. Selon le Washington Post, le pr\u00e9sident &hellip;<\/p>\n","protected":false},"author":2,"featured_media":14844,"comment_status":"open","ping_status":"open","sticky":false,"template":"","format":"standard","meta":{"footnotes":""},"categories":[18,29],"tags":[],"class_list":["post-14843","post","type-post","status-publish","format-standard","has-post-thumbnail","hentry","category-actualites","category-monde"],"_links":{"self":[{"href":"https:\/\/ladepeche.mr\/index.php?rest_route=\/wp\/v2\/posts\/14843","targetHints":{"allow":["GET"]}}],"collection":[{"href":"https:\/\/ladepeche.mr\/index.php?rest_route=\/wp\/v2\/posts"}],"about":[{"href":"https:\/\/ladepeche.mr\/index.php?rest_route=\/wp\/v2\/types\/post"}],"author":[{"embeddable":true,"href":"https:\/\/ladepeche.mr\/index.php?rest_route=\/wp\/v2\/users\/2"}],"replies":[{"embeddable":true,"href":"https:\/\/ladepeche.mr\/index.php?rest_route=%2Fwp%2Fv2%2Fcomments&post=14843"}],"version-history":[{"count":1,"href":"https:\/\/ladepeche.mr\/index.php?rest_route=\/wp\/v2\/posts\/14843\/revisions"}],"predecessor-version":[{"id":14845,"href":"https:\/\/ladepeche.mr\/index.php?rest_route=\/wp\/v2\/posts\/14843\/revisions\/14845"}],"wp:featuredmedia":[{"embeddable":true,"href":"https:\/\/ladepeche.mr\/index.php?rest_route=\/wp\/v2\/media\/14844"}],"wp:attachment":[{"href":"https:\/\/ladepeche.mr\/index.php?rest_route=%2Fwp%2Fv2%2Fmedia&parent=14843"}],"wp:term":[{"taxonomy":"category","embeddable":true,"href":"https:\/\/ladepeche.mr\/index.php?rest_route=%2Fwp%2Fv2%2Fcategories&post=14843"},{"taxonomy":"post_tag","embeddable":true,"href":"https:\/\/ladepeche.mr\/index.php?rest_route=%2Fwp%2Fv2%2Ftags&post=14843"}],"curies":[{"name":"wp","href":"https:\/\/api.w.org\/{rel}","templated":true}]}}