{"id":14849,"date":"2025-04-03T16:15:41","date_gmt":"2025-04-03T16:15:41","guid":{"rendered":"https:\/\/ladepeche.mr\/?p=14849"},"modified":"2025-04-03T16:15:41","modified_gmt":"2025-04-03T16:15:41","slug":"la-cpi-denonce-la-hongrie-pour-avoir-ignore-le-mandat-darret-contre-netanyahou","status":"publish","type":"post","link":"https:\/\/ladepeche.mr\/?p=14849","title":{"rendered":"La CPI d\u00e9nonce la Hongrie pour avoir ignor\u00e9 le mandat d\u2019arr\u00eat contre Netanyahou"},"content":{"rendered":"<p>La Cour p\u00e9nale internationale (CPI) a fl\u00e9tri  la d\u00e9cision de la Hongrie d\u2019ignorer le mandat d\u2019arr\u00eat qu\u2019elle avait d\u00e9livr\u00e9 \u00e0 l\u2019encontre du premier ministre isra\u00e9lien, Netanyahou, pour crimes de guerre \u00e0 Gaza.<\/p>\n<p>Le porte-parole de la Cour, Fadi El Abdallah, a d\u00e9clar\u00e9 qu\u2019il n\u2019appartenait pas aux parties \u00e0 la CPI \u00ab de d\u00e9terminer unilat\u00e9ralement le bien-fond\u00e9 des d\u00e9cisions juridiques de la Cour \u00bb.<\/p>\n<p>Les \u00c9tats participants ont l\u2019obligation d\u2019appliquer les d\u00e9cisions de la Cour, a-t-il ajout\u00e9.<\/p>\n<p>\u00ab Tout diff\u00e9rend concernant les fonctions judiciaires de la Cour sera r\u00e9gl\u00e9 par la d\u00e9cision de la Cour \u00bb, a d\u00e9clar\u00e9  El Abdallah.<\/p>\n<p>Le pr\u00e9sident hongrois Viktor Orb\u00e1n est consid\u00e9r\u00e9 comme un pionnier de certaines des tactiques que  Netanyahu est accus\u00e9 d\u2019employer en Isra\u00ebl : assujettissement du pouvoir judiciaire, antagonisme \u00e0 l\u2019\u00e9gard de l\u2019Union europ\u00e9enne et r\u00e9pression de la soci\u00e9t\u00e9 civile et des groupes de d\u00e9fense des droits de l\u2019homme.<\/p>\n<p>Provided by SyndiGate Media Inc. (<\/p>\n<p>Syndigate.info via msn.com<\/p>\n","protected":false},"excerpt":{"rendered":"<p>La Cour p\u00e9nale internationale (CPI) a fl\u00e9tri la d\u00e9cision de la Hongrie d\u2019ignorer le mandat d\u2019arr\u00eat qu\u2019elle avait d\u00e9livr\u00e9 \u00e0 l\u2019encontre du premier ministre isra\u00e9lien, Netanyahou, pour crimes de guerre \u00e0 Gaza. Le porte-parole de la Cour, Fadi El Abdallah, a d\u00e9clar\u00e9 qu\u2019il n\u2019appartenait pas aux parties \u00e0 la CPI \u00ab de d\u00e9terminer unilat\u00e9ralement le &hellip;<\/p>\n","protected":false},"author":2,"featured_media":14850,"comment_status":"open","ping_status":"open","sticky":false,"template":"","format":"standard","meta":{"footnotes":""},"categories":[18,29],"tags":[],"class_list":["post-14849","post","type-post","status-publish","format-standard","has-post-thumbnail","hentry","category-actualites","category-monde"],"_links":{"self":[{"href":"https:\/\/ladepeche.mr\/index.php?rest_route=\/wp\/v2\/posts\/14849","targetHints":{"allow":["GET"]}}],"collection":[{"href":"https:\/\/ladepeche.mr\/index.php?rest_route=\/wp\/v2\/posts"}],"about":[{"href":"https:\/\/ladepeche.mr\/index.php?rest_route=\/wp\/v2\/types\/post"}],"author":[{"embeddable":true,"href":"https:\/\/ladepeche.mr\/index.php?rest_route=\/wp\/v2\/users\/2"}],"replies":[{"embeddable":true,"href":"https:\/\/ladepeche.mr\/index.php?rest_route=%2Fwp%2Fv2%2Fcomments&post=14849"}],"version-history":[{"count":1,"href":"https:\/\/ladepeche.mr\/index.php?rest_route=\/wp\/v2\/posts\/14849\/revisions"}],"predecessor-version":[{"id":14851,"href":"https:\/\/ladepeche.mr\/index.php?rest_route=\/wp\/v2\/posts\/14849\/revisions\/14851"}],"wp:featuredmedia":[{"embeddable":true,"href":"https:\/\/ladepeche.mr\/index.php?rest_route=\/wp\/v2\/media\/14850"}],"wp:attachment":[{"href":"https:\/\/ladepeche.mr\/index.php?rest_route=%2Fwp%2Fv2%2Fmedia&parent=14849"}],"wp:term":[{"taxonomy":"category","embeddable":true,"href":"https:\/\/ladepeche.mr\/index.php?rest_route=%2Fwp%2Fv2%2Fcategories&post=14849"},{"taxonomy":"post_tag","embeddable":true,"href":"https:\/\/ladepeche.mr\/index.php?rest_route=%2Fwp%2Fv2%2Ftags&post=14849"}],"curies":[{"name":"wp","href":"https:\/\/api.w.org\/{rel}","templated":true}]}}