{"id":14852,"date":"2025-04-03T16:25:31","date_gmt":"2025-04-03T16:25:31","guid":{"rendered":"https:\/\/ladepeche.mr\/?p=14852"},"modified":"2025-04-03T16:25:31","modified_gmt":"2025-04-03T16:25:31","slug":"conseil-des-ministres-approbation-dun-programme-durgence-pour-lacces-universel-aux-services-essentiels-au-developpement-local","status":"publish","type":"post","link":"https:\/\/ladepeche.mr\/?p=14852","title":{"rendered":"Conseil des ministres: Approbation d&#8217;un programme d\u2019urgence pour l\u2019acc\u00e8s universel aux services essentiels au d\u00e9veloppement local"},"content":{"rendered":"<p>Le Conseil des Ministres s\u2019est r\u00e9uni le mercredi 02 avril 2025, sous la Pr\u00e9sidence de Son Excellence Monsieur Mohamed Ould Cheikh El-Ghazouani, Pr\u00e9sident de la R\u00e9publique.<\/p>\n<p>Le Conseil a examin\u00e9 et adopt\u00e9 les projets de d\u00e9crets suivants :<\/p>\n<p>\u2010 Projet de d\u00e9cret portant protection des victimes, de leurs familles, des auxiliaires de justice, des agents infiltr\u00e9s et des d\u00e9nonciateurs dans le cadre de la lutte contre la traite des personnes.<\/p>\n<p>Ce projet de d\u00e9cret vise \u00e0 \u00e9tablir des m\u00e9canismes de protection et d\u2019assistance au profit des victimes de la traite des personnes, de leurs familles, des t\u00e9moins, des auxiliaires de justice, des agents infiltr\u00e9s et des d\u00e9nonciateurs.<\/p>\n<p>Les mesures de protection sont notamment, la protection physique, psychologique et juridique, l\u2019assistance judiciaire, l\u2019immunit\u00e9 contre les poursuites, la confidentialit\u00e9 des proc\u00e9dures et la protection de l\u2019identit\u00e9 de la victime, en plus de la protection des enfants, qui rel\u00e8ve de la comp\u00e9tence du D\u00e9partement en charge de l\u2019Action Sociale, de l\u2019Enfance et de la Famille.<\/p>\n<p>Il pr\u00e9voit \u00e9galement des mesures d\u2019assistance, notamment, les soins m\u00e9dicaux, l\u2019aide sociale, la fourniture des informations n\u00e9cessaires sur les droits de la victime et sur la proc\u00e9dure judiciaire suivie, ainsi que le droit de b\u00e9n\u00e9ficier d\u2019une traduction tout au long de la proc\u00e9dure judiciaire si n\u00e9cessaire, et tient compte de l\u2019int\u00e9r\u00eat sup\u00e9rieur de l\u2019enfant.<\/p>\n<p>\u2010 Projet de d\u00e9cret modifiant certaines dispositions du d\u00e9cret 2016-082 du 19 avril 2016, modifi\u00e9 et compl\u00e9t\u00e9, portant harmonisation et simplification du syst\u00e8me de r\u00e9mun\u00e9ration des fonctionnaires et agents contractuels de l\u2019Etat et de ses \u00e9tablissements publics \u00e0 caract\u00e8re administratif.<\/p>\n<p>Ce projet de d\u00e9cret s\u2019inscrit dans le cadre de l\u2019am\u00e9lioration des conditions mat\u00e9rielles des travailleurs du secteur de l\u2019\u00e9ducation, concr\u00e9tisant ainsi la vision de Son Excellence Monsieur le Pr\u00e9sident de la R\u00e9publique, visant \u00e0 promouvoir le capital humain de notre pays afin de pouvoir relever les d\u00e9fis actuels.<\/p>\n<p>Ce d\u00e9cret vise \u00e9galement \u00e0 faire b\u00e9n\u00e9ficier les agents contractuels r\u00e9gis par le d\u00e9cret n\u00b0 2019-050 fixant les conditions d\u2019emploi et de r\u00e9mun\u00e9ration des agents contractuels de l\u2019Etat et de ses \u00e9tablissements publics \u00e0 caract\u00e8re administratif, et qui travaillent effectivement dans les \u00e9tablissements publics d\u2019enseignement fondamental et secondaire, d\u2019une indemnit\u00e9 mensuelle de craie de six mille (6000) MRU, hors taxes, pour une dur\u00e9e de neuf (9) mois.<\/p>\n<p>Il vise \u00e9galement \u00e0 faire b\u00e9n\u00e9ficier les enseignants de la sixi\u00e8me ann\u00e9e de l\u2019enseignement primaire, d\u2019une prime appel\u00e9e \u00ab prime d\u2019encouragement \u00bb d\u2019un montant de deux mille (2000) MRU par mois pendant une dur\u00e9e de neuf (9) mois.<\/p>\n<p>\u2010 Projet de d\u00e9cret portant nomination du Pr\u00e9sident du Conseil d\u2019Administration du Centre Hospitalier National.<\/p>\n<p>\u2010 Projet de d\u00e9cret portant nomination du Pr\u00e9sident du Conseil d\u2019Administration de la Soci\u00e9t\u00e9 Mauritanienne des Postes (Mauripost).<\/p>\n<p>\u2010 Projet de d\u00e9cret portant concession provisoire d\u2019un terrain dans la Wilaya du Trarza, Moughataa de Rosso au profit de la Soci\u00e9t\u00e9 Thimar-Sarl.<\/p>\n<p>Le projet pr\u00e9vu par la soci\u00e9t\u00e9 THIMAR Sarl vise \u00e0 d\u00e9velopper une exploitation agricole moderne, bas\u00e9e sur des pratiques durables. Ce projet r\u00e9pond \u00e0 plusieurs enjeux strat\u00e9giques dont les principaux sont :<\/p>\n<p>\uf0fc Augmenter la production agricole pour r\u00e9duire la d\u00e9pendance aux importations et atteindre progressivement l\u2019autosuffisance alimentaire.<\/p>\n<p>\uf0fc G\u00e9n\u00e9rer 146 emplois directs et pr\u00e8s de 1000 emplois indirects, contribuant ainsi \u00e0 la r\u00e9duction du ch\u00f4mage local.<\/p>\n<p>\uf0fc Stimuler l\u2019\u00e9conomie locale \u00e0 travers des investissements significatifs et une production agricole accrue.<\/p>\n<p>\uf0fc Int\u00e9gration de techniques agricoles respectueuses de l\u2019environnement pour assurer une exploitation durable du terrain.<\/p>\n<p>Le Ministre de la Justice, Ministre des Affaires Etrang\u00e8res, de la Coop\u00e9ration Africaine et des Mauritaniens de l\u2019Ext\u00e9rieur par int\u00e9rim, a pr\u00e9sent\u00e9 une communication relative \u00e0 la situation internationale.<\/p>\n<p>Le Ministre de l\u2019Int\u00e9rieur, de la Promotion de la D\u00e9centralisation et du D\u00e9veloppement Local a pr\u00e9sent\u00e9 une communication relative \u00e0 la situation int\u00e9rieure.<\/p>\n<p>Le Ministre de l\u2019Economie et des Finances a pr\u00e9sent\u00e9 une communication relative au Programme Prioritaire de G\u00e9n\u00e9ralisation de l\u2019Acc\u00e8s aux Services n\u00e9cessaires au D\u00e9veloppement Local<\/p>\n<p>La pr\u00e9sente communication a pour objet de pr\u00e9senter le programme national d\u00e9nomm\u00e9 \u00ab Programme Prioritaire de G\u00e9n\u00e9ralisation de l\u2019Acc\u00e8s aux Services n\u00e9cessaires au D\u00e9veloppement Local \u00bb \u00e9labor\u00e9 sur instruction de Son Excellence le Pr\u00e9sident de la R\u00e9publique, Mohamed Ould Cheikh El Ghazouani, conform\u00e9ment \u00e0 son programme \u00e9lectoral Mon Ambition pour la Patrie.<\/p>\n<p>Elle s\u2019inscrit dans le cadre de la cr\u00e9ation d\u2019une dynamique de transformation \u00e9conomique et sociale sans pr\u00e9c\u00e9dent pour faire face aux probl\u00e8mes structurels qui entravent le processus de d\u00e9veloppement du pays, pour am\u00e9liorer l\u2019efficacit\u00e9 des services fournis aux citoyens dans toutes les Wilayas du pays et pour cr\u00e9er un environnement propice au d\u00e9veloppement en valorisant et en exploitant nos capacit\u00e9s dans les secteurs dans lesquels nous b\u00e9n\u00e9ficions d\u2019avantages comparatifs.<\/p>\n<p>Le programme comprend :<\/p>\n<p>\u2013 La g\u00e9n\u00e9ralisation des infrastructures scolaires par la construction de 6114 salles de classes et r\u00e9habilitation de 525 salles ;<\/p>\n<p>\u2013 L\u2019am\u00e9lioration de la couverture sanitaire en la rapprochant du citoyen par la construction de 2 nouveaux centres hospitaliers, 6 h\u00f4pitaux d\u00e9partementaux, 32 centres de sant\u00e9, 204 points de sant\u00e9 ; la transformation de 16 postes de sant\u00e9 en centres de sant\u00e9 ainsi que la r\u00e9habilitation de 30 centres de sant\u00e9 et 54 postes de sant\u00e9 et l\u2019acquisition de 126 ambulances neuves ;<\/p>\n<p>\u2013 L\u2019acc\u00e8s \u00e0 l\u2019eau potable par la r\u00e9alisation de 917 forages et\/ou puits modernes, l\u2019\u00e9quipement de 101forages, l\u2019alimentation en eau potable de 222 localit\u00e9s, la r\u00e9alisation de 101 Adductions d\u2019Eau Potable, l\u2019augmentation de la production d\u2019eau potable \u00e0 partir de la nappe de Dhar pour passer de 12 000 \u00e0 17 000 m3\/jour, le renforcement de l\u2019acc\u00e8s \u00e0 l\u2019eau potable dans les centres urbains, la r\u00e9alisation de 81ch\u00e2teaux d\u2019eau, l\u2019acquisition de 14 citernes, etc. ;<\/p>\n<p>\u2013 Le renforcement de l\u2019acc\u00e8s \u00e0 l\u2019\u00e9lectricit\u00e9 par L\u2019augmentation de la production d\u2019\u00e9lectricit\u00e9 dans 29 centres urbains, l\u2019\u00e9lectrification rurale de 179 localit\u00e9s et l\u2019extension de 58 r\u00e9seaux \u00e9lectriques ;<\/p>\n<p>\u2013 L\u2019acc\u00e9l\u00e9ration du d\u00e9senclavement des r\u00e9gions : pour cette composante, des missions de terrain ont \u00e9t\u00e9 r\u00e9alis\u00e9es pour identifier les zones \u00e0 d\u00e9senclaver en priorit\u00e9. Les r\u00e9sultats de ces missions ont \u00e9t\u00e9 crois\u00e9es avec les dol\u00e9ances recueillies lors des ateliers r\u00e9gionaux ce qui a permis de structurer un premier programme de d\u00e9senclavement de 664 millions de MRU pour 2025-2026 et un deuxi\u00e8me programme de 922 millions pour la p\u00e9riode 2027-2028.<\/p>\n<p>\u2013 L\u2019appui aux activit\u00e9s productives en tirant profit des avantages comparatifs du pays dans des secteurs comme l\u2019\u00e9levage et l\u2019agriculture, pour maximiser les potentialit\u00e9s \u00e9conomiques r\u00e9gionales. Au niveau de l\u2019agriculture, il s\u2019agira de la construction et\/ou la r\u00e9habilitation de 43 barrages, de confortement de digues et diguettes ; de la distribution de 875 km de grillage et l\u2019am\u00e9nagement de 101 p\u00e9rim\u00e8tres maraichers. Concernant l\u2019\u00e9levage, il s\u2019agira de la r\u00e9alisation de 39 forages pastoraux, la construction de 183 parcs de vaccination, de 3 nouveaux abattoirs, de 2 unit\u00e9s de collecte de lait ; d\u2019un poste de sant\u00e9 v\u00e9t\u00e9rinaire, d\u2019une ferme d\u2019am\u00e9lioration des races et l\u2019ouverture d\u2019une pharmacie v\u00e9t\u00e9rinaire ;<\/p>\n<p>\u2013 L\u2019autonomisation et l\u2019insertion des jeunes pour lutter contre le ch\u00f4mage et l\u2019exode rural et l\u2019appui aux associations des jeunes \u00e0 travers entre autres actions : l\u2019octroi de 14 148 subventions pour les associations de jeunes et de 656 pr\u00eats pour les jeunes porteurs de projets, le financement de 10 startups et de 2 328 PMEs, la formation de 24 784 jeunes et le soutien \u00e0 l\u2019emploi pour 590 jeunes, la r\u00e9habilitation de 5 maisons des jeunes et l\u2019\u00e9quipement de 5 maisons de jeunes, etc.<\/p>\n<p>Le budget global est estim\u00e9 \u00e0 26 milliards MRU dont 8 milliards d\u00e9j\u00e0 en cours, 11 milliards programm\u00e9s pour couvrir la p\u00e9riode 2025-2026 et 7 milliards pour la p\u00e9riode 2026-2027.<br \/>\nAmi<br \/>\nTitre LDM<\/p>\n","protected":false},"excerpt":{"rendered":"<p>Le Conseil des Ministres s\u2019est r\u00e9uni le mercredi 02 avril 2025, sous la Pr\u00e9sidence de Son Excellence Monsieur Mohamed Ould Cheikh El-Ghazouani, Pr\u00e9sident de la R\u00e9publique. Le Conseil a examin\u00e9 et adopt\u00e9 les projets de d\u00e9crets suivants : \u2010 Projet de d\u00e9cret portant protection des victimes, de leurs familles, des auxiliaires de justice, des agents &hellip;<\/p>\n","protected":false},"author":2,"featured_media":12406,"comment_status":"open","ping_status":"open","sticky":false,"template":"","format":"standard","meta":{"footnotes":""},"categories":[18,31],"tags":[],"class_list":["post-14852","post","type-post","status-publish","format-standard","has-post-thumbnail","hentry","category-actualites","category-politique-et-reportages"],"_links":{"self":[{"href":"https:\/\/ladepeche.mr\/index.php?rest_route=\/wp\/v2\/posts\/14852","targetHints":{"allow":["GET"]}}],"collection":[{"href":"https:\/\/ladepeche.mr\/index.php?rest_route=\/wp\/v2\/posts"}],"about":[{"href":"https:\/\/ladepeche.mr\/index.php?rest_route=\/wp\/v2\/types\/post"}],"author":[{"embeddable":true,"href":"https:\/\/ladepeche.mr\/index.php?rest_route=\/wp\/v2\/users\/2"}],"replies":[{"embeddable":true,"href":"https:\/\/ladepeche.mr\/index.php?rest_route=%2Fwp%2Fv2%2Fcomments&post=14852"}],"version-history":[{"count":1,"href":"https:\/\/ladepeche.mr\/index.php?rest_route=\/wp\/v2\/posts\/14852\/revisions"}],"predecessor-version":[{"id":14853,"href":"https:\/\/ladepeche.mr\/index.php?rest_route=\/wp\/v2\/posts\/14852\/revisions\/14853"}],"wp:featuredmedia":[{"embeddable":true,"href":"https:\/\/ladepeche.mr\/index.php?rest_route=\/wp\/v2\/media\/12406"}],"wp:attachment":[{"href":"https:\/\/ladepeche.mr\/index.php?rest_route=%2Fwp%2Fv2%2Fmedia&parent=14852"}],"wp:term":[{"taxonomy":"category","embeddable":true,"href":"https:\/\/ladepeche.mr\/index.php?rest_route=%2Fwp%2Fv2%2Fcategories&post=14852"},{"taxonomy":"post_tag","embeddable":true,"href":"https:\/\/ladepeche.mr\/index.php?rest_route=%2Fwp%2Fv2%2Ftags&post=14852"}],"curies":[{"name":"wp","href":"https:\/\/api.w.org\/{rel}","templated":true}]}}