{"id":14854,"date":"2025-04-03T17:00:34","date_gmt":"2025-04-03T17:00:34","guid":{"rendered":"https:\/\/ladepeche.mr\/?p=14854"},"modified":"2025-04-03T16:30:40","modified_gmt":"2025-04-03T16:30:40","slug":"accelerer-le-developpement-local-26-milliards-mru-ont-ete-mobilises-declare-le-ministre-de-leconomie-et-des-finances","status":"publish","type":"post","link":"https:\/\/ladepeche.mr\/?p=14854","title":{"rendered":"Acc\u00e9l\u00e9rer le d\u00e9veloppement local: &#8220;26 milliards (MRU) ont \u00e9t\u00e9 mobilis\u00e9s&#8221; d\u00e9clare le ministre de l&#8217;\u00e9conomie et des finances"},"content":{"rendered":"<p>Des membres du Gouvernement ont comment\u00e9, mercredi soir, les r\u00e9sultats du conseil des ministres, qui s\u2019est d\u00e9roul\u00e9 plus t\u00f4t dans la matin\u00e9e. Il s\u2019agit des ministres de la Culture, des Arts, de la Communication et des Relations avec le Parlement, porte-parole du Gouvernement, M. EL Houceine Ould Medou, de l\u2019\u00c9conomie et des Finances, M. Sid Ahmed Ould Bouh et du Commissaire aux Droits de l\u2019Homme, \u00e0 l\u2019Action humanitaire et aux Relations avec la Soci\u00e9t\u00e9 civile, M. Sid Ahmed Ely Benane.<\/p>\n<p>Dans son mot introductif, le porte-parole du Gouvernement a indiqu\u00e9 que le conseil a examin\u00e9 et adopt\u00e9, plusieurs projets de loi, de d\u00e9crets et des communications, dont ceux relatifs au d\u00e9veloppement local, la valorisation du corps des enseignants, et la lutte contre la traite des \u00eatres humains. Il a ensuite invit\u00e9 ses homologues, chacun en ce qui le concerne, \u00e0 apporter davantage de pr\u00e9cisions.<\/p>\n<p>Prenant la parole, le ministre de l\u2019\u00c9conomie a soulign\u00e9 avoir pr\u00e9sent\u00e9 une communication relative au programme d\u2019urgence visant acc\u00e9l\u00e9rer l\u2019ex\u00e9cution du d\u00e9veloppement local. Il s\u2019agit d\u2019un programme similaire d\u00e9ploy\u00e9 \u00e0 Nouakchott derni\u00e8rement et un autre qui verra le jour \u00e0 Nouadhibou, incessamment.<\/p>\n<p>D\u2019apr\u00e8s le ministre, un programme de d\u00e9veloppement local sera mis en ex\u00e9cution dans 12 r\u00e9gions du pays, sur une p\u00e9riode de 30 mois. Au cours de cette p\u00e9riode, une enveloppe de 260 milliards d\u2019Ouguiyas (MRO), enti\u00e8rement financ\u00e9 par l\u2019\u00c9tat mauritanien, sera consacr\u00e9e \u00e0 booster le d\u00e9veloppement local.<\/p>\n<p>Le ministre a relev\u00e9 que ce programme ambitieux, s\u2019articule autour de huit composantes essentielles pour am\u00e9liorer les services de base dans ces wilayas, tels que la sant\u00e9 et l\u2019\u00e9ducation auxquelles seront r\u00e9serv\u00e9s respectivement 80 et 70 milliards d\u2019Ouguiyas (MRO). Les autres composantes sont l\u2019acc\u00e8s l\u2019eau potable, \u00e0 l\u2019\u00e9lectricit\u00e9, le d\u00e9senclavement, l\u2019agriculture, l\u2019\u00e9levage ainsi que l\u2019autonomisation des jeunes.<\/p>\n<p>Le ministre a pr\u00e9cis\u00e9 que ce programme n\u2019est pas un substitut aux programmes structurels d\u00e9j\u00e0 existants, mais qu\u2019il vient souligner la volont\u00e9 de l\u2019Etat \u00e0 mat\u00e9rialiser la r\u00e9solution des probl\u00e8mes de d\u00e9veloppement soulev\u00e9s par les citoyens eux-m\u00eames. Il a indiqu\u00e9 que la m\u00e9thodologie participative, a mis en avant les pr\u00e9occupations, soulignant que le r\u00f4le du gouvernement est de leur trouver en priorit\u00e9 des solutions appropri\u00e9es.<\/p>\n<p>En ce qui concerne la gestion du programme, le ministre a annonc\u00e9 la formation d\u2019un comit\u00e9 interminist\u00e9riel compos\u00e9 de huit ministres ainsi que les autorit\u00e9s administratives de chaque wilaya. Pr\u00e9sid\u00e9 par le Premier ministre, le comit\u00e9 a en charge l\u2019ex\u00e9cution des projets dans le respect des diff\u00e9rents cahiers de charge, et ce \u00e0 travers les le\u00e7ons tir\u00e9es des projets ant\u00e9rieurs.<\/p>\n<p>Toujours au cours de sa prise de parole-parole, le ministre est revenu sur l\u2019essence du projet de d\u00e9cret qui va consacrer l\u2019am\u00e9lioration des conditions de travail du personnel du d\u00e9partement de l\u2019\u00c9ducation. Il permet ainsi \u00e0 ceux qui fournissent des heures suppl\u00e9mentaires, de b\u00e9n\u00e9ficier d\u2019avantages sp\u00e9ciaux, comme les enseignants des classes de sixi\u00e8me ann\u00e9e du fondamental ou encore les inspecteurs, entre autres.<\/p>\n<p>Pour sa part, le commissaire aux Droits de l\u2019Homme a indiqu\u00e9 que le projet de d\u00e9cret qu\u2019il a pr\u00e9sent\u00e9 en conseil des ministres, vise \u00e0 prot\u00e9ger les victimes, les familles des victimes, les auxiliaires de justice, les agents infiltr\u00e9s et les d\u00e9nonciateurs, dans le cadre de la lutte contre la traite des \u00eatres humains. Ce texte qui vient enrichir l\u2019arsenal juridique mauritanien, se compose de vingt et un articles, r\u00e9partis en quatre chapitres.<\/p>\n<p>Il a en outre pr\u00e9cis\u00e9 que le premier chapitre traite des dispositions g\u00e9n\u00e9rales, tandis que le deuxi\u00e8me aborde les proc\u00e9dures de protection, le troisi\u00e8me se rapporte aux mesures d\u2019assistance, telles que les soins m\u00e9dicaux. Enfin, le quatri\u00e8me chapitre traite des m\u00e9canismes de coop\u00e9ration entre l\u2019\u00c9tat et les organismes op\u00e9rant dans ce domaine.<\/p>\n<p>Interpell\u00e9 sur la question du travail domestique, le Commissaire a pr\u00e9cis\u00e9 que celui-ci peut entrer dans le champ d\u2019application du d\u00e9cret, si ce travail est forc\u00e9 concerne des mineurs. Il a enfin soulign\u00e9 que la lutte contre la traite des personnes est l\u2019affaire de tous.<\/p>\n<p>A son tour, le porte-parole du gouvernement, a magnifi\u00e9 la d\u00e9cision de d\u00e9ployer un programme d\u2019envergure, pour acc\u00e9l\u00e9rer le d\u00e9veloppement dans les r\u00e9gions de l\u2019int\u00e9rieur du pays. Il a assur\u00e9 que 96% du programme est une \u00e9manation de la volont\u00e9 des populations, tandis que les 4% restants, correspondent \u00e0 la carte scolaire et sanitaires d\u00e9j\u00e0 \u00e9tablies. Il s\u2019est dit enthousiaste et confiant quant aux r\u00e9sultats probants qui en d\u00e9couleront.<\/p>\n<p>Pour ce qui est de la migration, le porte-parole du gouvernement a r\u00e9it\u00e9r\u00e9 la position de la Mauritanie quant \u00e0 la migration irr\u00e9guli\u00e8re, indiquant que les autorit\u00e9s concern\u00e9es agissent dans le respect de la dignit\u00e9 humaine et de la loi. Il a ensuite indiqu\u00e9 que les \u00e9changes avec les pays voisins sont sains et que toutes les mesures visant \u00e0 faciliter l\u2019acc\u00e8s au territoire et au s\u00e9jour sont prises. Il a ni\u00e9 la v\u00e9racit\u00e9 des informations selon lesquelles, les conditions de r\u00e9tention des migrants en instance de refoulement seraient indignes.<\/p>\n<p>En r\u00e9ponse \u00e0 une question sur le dialogue politique annonc\u00e9 par le Pr\u00e9sident de la R\u00e9publique le mois dernier, le porte-parole du gouvernement a d\u00e9clar\u00e9 que le coordinateur d\u00e9sign\u00e9 pour piloter le dialogue, a entam\u00e9 les consultations et tiendra une conf\u00e9rence de presse la semaine prochaine pour informer l\u2019opinion publique.<\/p>\n<p>S\u2019agissant du secteur des m\u00e9dias, le porte-parole du gouvernement a annonc\u00e9 que la coop\u00e9ration avec l\u2019Alg\u00e9rie, comprend la construction d\u2019un complexe d\u00e9di\u00e9 aux m\u00e9dias en Mauritanie, dont la Maison de la Presse. Il a rappel\u00e9 que 9 hectares ont \u00e9t\u00e9 attribu\u00e9s \u00e0 ce projet, notant qu\u2019il va d\u00e9marrer dans les meilleurs d\u00e9lais.<br \/>\nAmi<br \/>\nTitre LDM<\/p>\n","protected":false},"excerpt":{"rendered":"<p>Des membres du Gouvernement ont comment\u00e9, mercredi soir, les r\u00e9sultats du conseil des ministres, qui s\u2019est d\u00e9roul\u00e9 plus t\u00f4t dans la matin\u00e9e. Il s\u2019agit des ministres de la Culture, des Arts, de la Communication et des Relations avec le Parlement, porte-parole du Gouvernement, M. EL Houceine Ould Medou, de l\u2019\u00c9conomie et des Finances, M. Sid &hellip;<\/p>\n","protected":false},"author":2,"featured_media":14855,"comment_status":"open","ping_status":"open","sticky":false,"template":"","format":"standard","meta":{"footnotes":""},"categories":[18,2],"tags":[],"class_list":["post-14854","post","type-post","status-publish","format-standard","has-post-thumbnail","hentry","category-actualites","category-economie"],"_links":{"self":[{"href":"https:\/\/ladepeche.mr\/index.php?rest_route=\/wp\/v2\/posts\/14854","targetHints":{"allow":["GET"]}}],"collection":[{"href":"https:\/\/ladepeche.mr\/index.php?rest_route=\/wp\/v2\/posts"}],"about":[{"href":"https:\/\/ladepeche.mr\/index.php?rest_route=\/wp\/v2\/types\/post"}],"author":[{"embeddable":true,"href":"https:\/\/ladepeche.mr\/index.php?rest_route=\/wp\/v2\/users\/2"}],"replies":[{"embeddable":true,"href":"https:\/\/ladepeche.mr\/index.php?rest_route=%2Fwp%2Fv2%2Fcomments&post=14854"}],"version-history":[{"count":1,"href":"https:\/\/ladepeche.mr\/index.php?rest_route=\/wp\/v2\/posts\/14854\/revisions"}],"predecessor-version":[{"id":14856,"href":"https:\/\/ladepeche.mr\/index.php?rest_route=\/wp\/v2\/posts\/14854\/revisions\/14856"}],"wp:featuredmedia":[{"embeddable":true,"href":"https:\/\/ladepeche.mr\/index.php?rest_route=\/wp\/v2\/media\/14855"}],"wp:attachment":[{"href":"https:\/\/ladepeche.mr\/index.php?rest_route=%2Fwp%2Fv2%2Fmedia&parent=14854"}],"wp:term":[{"taxonomy":"category","embeddable":true,"href":"https:\/\/ladepeche.mr\/index.php?rest_route=%2Fwp%2Fv2%2Fcategories&post=14854"},{"taxonomy":"post_tag","embeddable":true,"href":"https:\/\/ladepeche.mr\/index.php?rest_route=%2Fwp%2Fv2%2Ftags&post=14854"}],"curies":[{"name":"wp","href":"https:\/\/api.w.org\/{rel}","templated":true}]}}