{"id":14857,"date":"2025-04-03T17:20:41","date_gmt":"2025-04-03T17:20:41","guid":{"rendered":"https:\/\/ladepeche.mr\/?p=14857"},"modified":"2025-04-03T17:20:41","modified_gmt":"2025-04-03T17:20:41","slug":"soma-madou-president-des-ressortissants-ivoiriens-en-mauritanie-cette-operation-est-generale-et-ne-cible-pas-les-ivoiriens","status":"publish","type":"post","link":"https:\/\/ladepeche.mr\/?p=14857","title":{"rendered":"Soma Madou, pr\u00e9sident des ressortissants ivoiriens en Mauritanie: \u00abCette op\u00e9ration est g\u00e9n\u00e9rale et ne cible pas les ivoiriens \u00bb"},"content":{"rendered":"<p>Le pr\u00e9sident de l\u2019association des ressortissants ivoiriens en Mauritanie, Soma Madou, est cat\u00e9gorique : aucun ivoirien en r\u00e8gle avec la loi mauritanienne n\u2019a \u00e9t\u00e9 expuls\u00e9 lors des derni\u00e8res op\u00e9rations men\u00e9es par les autorit\u00e9s du pays. Ils seraient au total 6.000 ivoiriens en Mauritanie. Soma Madou s&#8217;exprimait dans une vid\u00e9o sur Dailymotion. Pour lui, il faut d\u2019abord faire la part des choses. Neuf ivoiriens seulement ont \u00e9t\u00e9 refoul\u00e9s le 28 f\u00e9vrier. Mais depuis aucun d\u2019eux n\u2019a plus \u00e9t\u00e9 inqui\u00e9t\u00e9, rassure le pr\u00e9sident de l\u2019association des ivoiriens en Mauritanie qui rappelle que \u00abcette op\u00e9ration est g\u00e9n\u00e9rale et ne cible pas les ivoiriens \u00bb. Elle est intervenue depuis le 26 f\u00e9vrier souligne Soma qui pr\u00e9cise qu\u2019elle vise surtout tous les \u00e9trangers en situation irr\u00e9guli\u00e8re en Mauritanie. Y a-t-il eu maltraitance ? Pour lui, sans \u00e9carter l\u2019\u00e9ventualit\u00e9 de d\u00e9rapage, certaines personnes contre ces mesures en profitent pour tenir des propos afin de discr\u00e9diter les autorit\u00e9s mauritaniennes. Pour Soma s\u2019il y a eu d\u00e9rapage, il ne peut s\u2019agir que d\u2019un acte isol\u00e9. Ce n\u2019est donc pas la r\u00e8gle dans les op\u00e9rations de refoulement comme veulent le faire cr\u00e9diter les sources contre l\u2019expulsion des migrants irr\u00e9guliers dans le pays.<br \/>\nC\u2019\u00e9tait pour le pr\u00e9sident des ressortissants ivoiriens l\u2019occasion de rappeler que pour obtenir la carte de s\u00e9jour dans le pays il y avait des conditions \u00e0 remplir par les requ\u00e9rants et parmi lesquelles il cite un passeport avec un d\u00e9lai de validit\u00e9 d\u2019au moins treize mois ; une attestation de travail, justifier d\u2019une fiche d\u2019entr\u00e9e dans le pays\u2026Pour montrer la bonne volont\u00e9 des autorit\u00e9s mauritaniennes en direction de la communaut\u00e9 ivoirienne au nom de laquelle il parle Soma Madou souligne que ces proc\u00e9dures ont \u00e9t\u00e9 all\u00e9g\u00e9es pour les ivoiriens car tous les documents officiels ivoiriens, m\u00eame caducs, peuvent servir \u00e0 l\u2019enr\u00f4lement pour l\u2019obtention de la carte de s\u00e9jour dans le pays. \u00ab Une mesure exceptionnelle prise en faveur des ressortissants ivoiriens \u00bb atteste le pr\u00e9sident Soma Madou. \u00abJe ne suis pas l\u00e0 pour faire la part belle aux autorit\u00e9s mauritaniennes. Mais c\u2019est la v\u00e9rit\u00e9 \u00bb ass\u00e8ne Soma Madou. C\u2019est donc bien loin des all\u00e9gations de tracasseries qui ne servent, en v\u00e9rit\u00e9, que les dangereux r\u00e9seaux de trafic de migrants.<br \/>\nIl reconnait que la Mauritanie est devenue depuis quelques ann\u00e9es est devenue un pays de transit de grandes vagues d\u2019immigr\u00e9s clandestins. Interpel\u00e9 sur la vie en Mauritanie, Soma Madou mart\u00e8le que de tous les pays du Maghreb, la Mauritanie est le pays o\u00f9 l\u2019int\u00e9gration des africains est ais\u00e9e. \u00abCa va tr\u00e8s bien \u00bb pour la communaut\u00e9 ivoirienne en Mauritanie rassure le pr\u00e9sident de l\u2019association des ivoiriens qui indique qu\u2019ils sont engag\u00e9s avec les autorit\u00e9s mauritaniennes dans la lutte contre l\u2019immigration clandestine, en contribuant par la sensibilisation \u00e0 freiner ce ph\u00e9nom\u00e8ne dangereux pour les migrants clandestins eux-m\u00eames.<br \/>\nJD<\/p>\n<p>Pour consulter la vid\u00e9o suivre ce lien: https:\/\/www.msn.com\/fr-xl\/actualite\/other\/expulsion-des-%C3%A9trangers-en-situation-irr%C3%A9guli%C3%A8re-en-mauritanie-soma-madou-fait-le-point-sur-la-situation\/vi-AA1CdiFj?ocid=msedgdhp&#038;pc=U531&#038;cvid=8378f837fd33470eb6a92cbb17f5df8b&#038;ei=38<\/p>\n","protected":false},"excerpt":{"rendered":"<p>Le pr\u00e9sident de l\u2019association des ressortissants ivoiriens en Mauritanie, Soma Madou, est cat\u00e9gorique : aucun ivoirien en r\u00e8gle avec la loi mauritanienne n\u2019a \u00e9t\u00e9 expuls\u00e9 lors des derni\u00e8res op\u00e9rations men\u00e9es par les autorit\u00e9s du pays. Ils seraient au total 6.000 ivoiriens en Mauritanie. Soma Madou s&#8217;exprimait dans une vid\u00e9o sur Dailymotion. Pour lui, il faut &hellip;<\/p>\n","protected":false},"author":2,"featured_media":14858,"comment_status":"open","ping_status":"open","sticky":false,"template":"","format":"standard","meta":{"footnotes":""},"categories":[18,29],"tags":[],"class_list":["post-14857","post","type-post","status-publish","format-standard","has-post-thumbnail","hentry","category-actualites","category-monde"],"_links":{"self":[{"href":"https:\/\/ladepeche.mr\/index.php?rest_route=\/wp\/v2\/posts\/14857","targetHints":{"allow":["GET"]}}],"collection":[{"href":"https:\/\/ladepeche.mr\/index.php?rest_route=\/wp\/v2\/posts"}],"about":[{"href":"https:\/\/ladepeche.mr\/index.php?rest_route=\/wp\/v2\/types\/post"}],"author":[{"embeddable":true,"href":"https:\/\/ladepeche.mr\/index.php?rest_route=\/wp\/v2\/users\/2"}],"replies":[{"embeddable":true,"href":"https:\/\/ladepeche.mr\/index.php?rest_route=%2Fwp%2Fv2%2Fcomments&post=14857"}],"version-history":[{"count":2,"href":"https:\/\/ladepeche.mr\/index.php?rest_route=\/wp\/v2\/posts\/14857\/revisions"}],"predecessor-version":[{"id":14860,"href":"https:\/\/ladepeche.mr\/index.php?rest_route=\/wp\/v2\/posts\/14857\/revisions\/14860"}],"wp:featuredmedia":[{"embeddable":true,"href":"https:\/\/ladepeche.mr\/index.php?rest_route=\/wp\/v2\/media\/14858"}],"wp:attachment":[{"href":"https:\/\/ladepeche.mr\/index.php?rest_route=%2Fwp%2Fv2%2Fmedia&parent=14857"}],"wp:term":[{"taxonomy":"category","embeddable":true,"href":"https:\/\/ladepeche.mr\/index.php?rest_route=%2Fwp%2Fv2%2Fcategories&post=14857"},{"taxonomy":"post_tag","embeddable":true,"href":"https:\/\/ladepeche.mr\/index.php?rest_route=%2Fwp%2Fv2%2Ftags&post=14857"}],"curies":[{"name":"wp","href":"https:\/\/api.w.org\/{rel}","templated":true}]}}