{"id":14871,"date":"2025-04-03T21:37:55","date_gmt":"2025-04-03T21:37:55","guid":{"rendered":"https:\/\/ladepeche.mr\/?p=14871"},"modified":"2025-04-03T21:37:55","modified_gmt":"2025-04-03T21:37:55","slug":"bcm-decret-presidentiel-portant-nomination-des-membres-du-conseil-general","status":"publish","type":"post","link":"https:\/\/ladepeche.mr\/?p=14871","title":{"rendered":"BCM: D\u00e9cret pr\u00e9sidentiel portant nomination des membres du Conseil G\u00e9n\u00e9ral"},"content":{"rendered":"<p>La Pr\u00e9sidence de la R\u00e9publique a annonc\u00e9 que, par d\u00e9cret publi\u00e9 mercredi, les personnalit\u00e9s suivantes ont \u00e9t\u00e9 nomm\u00e9es membres du Conseil G\u00e9n\u00e9ral de la Banque Centrale de Mauritanie :<\/p>\n<p>\u2013 Aichetou Wagu\u00e9<\/p>\n<p>\u2013 N\u2019Guissaly Fall<\/p>\n<p>\u2013 Mohamed Sid Ahmed<\/p>\n<p>\u2013 MOUSSA Fall<\/p>\n<p>Sidiya Mohamed Khaled<br \/>\nAmi<br \/>\nTitre LDM<\/p>\n","protected":false},"excerpt":{"rendered":"<p>La Pr\u00e9sidence de la R\u00e9publique a annonc\u00e9 que, par d\u00e9cret publi\u00e9 mercredi, les personnalit\u00e9s suivantes ont \u00e9t\u00e9 nomm\u00e9es membres du Conseil G\u00e9n\u00e9ral de la Banque Centrale de Mauritanie : \u2013 Aichetou Wagu\u00e9 \u2013 N\u2019Guissaly Fall \u2013 Mohamed Sid Ahmed \u2013 MOUSSA Fall Sidiya Mohamed Khaled Ami Titre LDM<\/p>\n","protected":false},"author":2,"featured_media":9371,"comment_status":"open","ping_status":"open","sticky":false,"template":"","format":"standard","meta":{"footnotes":""},"categories":[18,2],"tags":[],"class_list":["post-14871","post","type-post","status-publish","format-standard","has-post-thumbnail","hentry","category-actualites","category-economie"],"_links":{"self":[{"href":"https:\/\/ladepeche.mr\/index.php?rest_route=\/wp\/v2\/posts\/14871","targetHints":{"allow":["GET"]}}],"collection":[{"href":"https:\/\/ladepeche.mr\/index.php?rest_route=\/wp\/v2\/posts"}],"about":[{"href":"https:\/\/ladepeche.mr\/index.php?rest_route=\/wp\/v2\/types\/post"}],"author":[{"embeddable":true,"href":"https:\/\/ladepeche.mr\/index.php?rest_route=\/wp\/v2\/users\/2"}],"replies":[{"embeddable":true,"href":"https:\/\/ladepeche.mr\/index.php?rest_route=%2Fwp%2Fv2%2Fcomments&post=14871"}],"version-history":[{"count":1,"href":"https:\/\/ladepeche.mr\/index.php?rest_route=\/wp\/v2\/posts\/14871\/revisions"}],"predecessor-version":[{"id":14872,"href":"https:\/\/ladepeche.mr\/index.php?rest_route=\/wp\/v2\/posts\/14871\/revisions\/14872"}],"wp:featuredmedia":[{"embeddable":true,"href":"https:\/\/ladepeche.mr\/index.php?rest_route=\/wp\/v2\/media\/9371"}],"wp:attachment":[{"href":"https:\/\/ladepeche.mr\/index.php?rest_route=%2Fwp%2Fv2%2Fmedia&parent=14871"}],"wp:term":[{"taxonomy":"category","embeddable":true,"href":"https:\/\/ladepeche.mr\/index.php?rest_route=%2Fwp%2Fv2%2Fcategories&post=14871"},{"taxonomy":"post_tag","embeddable":true,"href":"https:\/\/ladepeche.mr\/index.php?rest_route=%2Fwp%2Fv2%2Ftags&post=14871"}],"curies":[{"name":"wp","href":"https:\/\/api.w.org\/{rel}","templated":true}]}}