{"id":14876,"date":"2025-04-04T12:51:09","date_gmt":"2025-04-04T12:51:09","guid":{"rendered":"https:\/\/ladepeche.mr\/?p=14876"},"modified":"2025-04-04T12:55:11","modified_gmt":"2025-04-04T12:55:11","slug":"gaza-attaques-contre-le-personnel-humanitaire-israel-vise-par-une-enquete-pour-un-nouveau-crime-de-guerre","status":"publish","type":"post","link":"https:\/\/ladepeche.mr\/?p=14876","title":{"rendered":"Attaques contre le personnel humanitaire \u00e0 Gaza: Isra\u00ebl vis\u00e9 par une enqu\u00eate pour un nouveau crime de guerre"},"content":{"rendered":"<p>Le Conseil de s\u00e9curit\u00e9 des NU s\u2019est r\u00e9uni \u00ab pour examiner la question palestinienne dans le contexte de la dangereuse escalade \u00e0 Gaza depuis la rupture du cessez-le-feu et les attaques ayant vis\u00e9 le personnel humanitaire \u00bb. Les intervenants ont, \u00e0 cette occasion, exig\u00e9 une enqu\u00eate \u00ab ind\u00e9pendante, rapide et impartiale \u00bb sur les attaques contre le personnel humanitaire. Une enqu\u00eate qui vise Isra\u00e9l soup\u00e7onn\u00e9 avoir tu\u00e9 dans ses frappes 15 professionnels de la sant\u00e9 et agents humanitaires.<\/p>\n<p>Alors que l\u2019Onu fait le constat qu\u2019Isra\u00e9l bloque depuis un mois maintenant bloque l\u2019acc\u00e8s de toute aide humanitaire et produits essentiels \u00e0 Gaza, dans ce qui est per\u00e7u comme un acte de \u00ab ch\u00e2timent collectif \u00bb, visant \u00e0 affamer les civils, d\u00e9j\u00e0 meurtris un \u00e9tat de si\u00e8ge qui dure depuis plusieurs mois,  les intervenants \u00e0 la r\u00e9union du conseil de s\u00e9curit\u00e9 ont exig\u00e9, par ailleurs, la mise en place d\u2019enqu\u00eate \u00ab ind\u00e9pendante, rapide et impartiale \u00bb pour d\u00e9terminer les responsabilit\u00e9s dans le massacre de 15 agents humanitaires.<br \/>\nParmi ces intervenants, le Haut-Commissaire des Nations Unies aux droits de l\u2019homme et le Pr\u00e9sident de la Soci\u00e9t\u00e9 du Croissant-Rouge palestinien. Le premier s\u2019est dit inquiet de la commission d\u2019un nouveau crime de guerre par l\u2019Etat d\u2019Isra\u00e9l. Ce dernier continue inlassablement sa politique d\u2019\u00e9puration dans l\u2019enclave de Gaza for\u00e7ant la moiti\u00e9 de la bande \u00e0 l\u2019\u00e9vacuation obligatoire.<br \/>\nEn violation des lois internationales et de l\u2019accord de cessez-le feu, Isra\u00e9l soutenu par l\u2019Administration Trump poursuit les massacres des civils entam\u00e9s depuis plus d\u2019une ann\u00e9e et demi aujourd\u2019hui. <\/p>\n<p>Outre les travailleurs humanitaires tu\u00e9s, rappelle-t-on, les op\u00e9rations militaires isra\u00e9liennes ont, depuis le premier mars 2025, massacr\u00e9 plus de 1 200 Palestiniens dont au moins 320 enfants. <\/p>\n","protected":false},"excerpt":{"rendered":"<p>Le Conseil de s\u00e9curit\u00e9 des NU s\u2019est r\u00e9uni \u00ab pour examiner la question palestinienne dans le contexte de la dangereuse escalade \u00e0 Gaza depuis la rupture du cessez-le-feu et les attaques ayant vis\u00e9 le personnel humanitaire \u00bb. Les intervenants ont, \u00e0 cette occasion, exig\u00e9 une enqu\u00eate \u00ab ind\u00e9pendante, rapide et impartiale \u00bb sur les attaques &hellip;<\/p>\n","protected":false},"author":2,"featured_media":14877,"comment_status":"open","ping_status":"open","sticky":false,"template":"","format":"standard","meta":{"footnotes":""},"categories":[18,29],"tags":[],"class_list":["post-14876","post","type-post","status-publish","format-standard","has-post-thumbnail","hentry","category-actualites","category-monde"],"_links":{"self":[{"href":"https:\/\/ladepeche.mr\/index.php?rest_route=\/wp\/v2\/posts\/14876","targetHints":{"allow":["GET"]}}],"collection":[{"href":"https:\/\/ladepeche.mr\/index.php?rest_route=\/wp\/v2\/posts"}],"about":[{"href":"https:\/\/ladepeche.mr\/index.php?rest_route=\/wp\/v2\/types\/post"}],"author":[{"embeddable":true,"href":"https:\/\/ladepeche.mr\/index.php?rest_route=\/wp\/v2\/users\/2"}],"replies":[{"embeddable":true,"href":"https:\/\/ladepeche.mr\/index.php?rest_route=%2Fwp%2Fv2%2Fcomments&post=14876"}],"version-history":[{"count":2,"href":"https:\/\/ladepeche.mr\/index.php?rest_route=\/wp\/v2\/posts\/14876\/revisions"}],"predecessor-version":[{"id":14879,"href":"https:\/\/ladepeche.mr\/index.php?rest_route=\/wp\/v2\/posts\/14876\/revisions\/14879"}],"wp:featuredmedia":[{"embeddable":true,"href":"https:\/\/ladepeche.mr\/index.php?rest_route=\/wp\/v2\/media\/14877"}],"wp:attachment":[{"href":"https:\/\/ladepeche.mr\/index.php?rest_route=%2Fwp%2Fv2%2Fmedia&parent=14876"}],"wp:term":[{"taxonomy":"category","embeddable":true,"href":"https:\/\/ladepeche.mr\/index.php?rest_route=%2Fwp%2Fv2%2Fcategories&post=14876"},{"taxonomy":"post_tag","embeddable":true,"href":"https:\/\/ladepeche.mr\/index.php?rest_route=%2Fwp%2Fv2%2Ftags&post=14876"}],"curies":[{"name":"wp","href":"https:\/\/api.w.org\/{rel}","templated":true}]}}