{"id":14883,"date":"2025-04-04T13:40:07","date_gmt":"2025-04-04T13:40:07","guid":{"rendered":"https:\/\/ladepeche.mr\/?p=14883"},"modified":"2025-04-04T13:40:24","modified_gmt":"2025-04-04T13:40:24","slug":"14883","status":"publish","type":"post","link":"https:\/\/ladepeche.mr\/?p=14883","title":{"rendered":"L&#8217;OMC et le FMI ont averti que les nouvelles taxes douani\u00e8res am\u00e9ricaines pourraient gravement perturber le commerce mondial et entraver la croissance \u00e9conomique."},"content":{"rendered":"<p>L&#8217;Organisation mondiale du commerce (OMC) et le Fonds mon\u00e9taire international (FMI) ont exprim\u00e9 leurs inqui\u00e9tudes quant aux retomb\u00e9es \u00e9conomiques des nouveaux droits de douane introduits par l&#8217;administration Trump, avertissant que ces politiques pourraient gravement perturber le commerce mondial et entraver la croissance \u00e9conomique.<br \/>\nDans une d\u00e9claration publi\u00e9e jeudi, l&#8217;OMC pr\u00e9voit que les droits de douane am\u00e9ricains, y compris ceux introduits plus t\u00f4t cette ann\u00e9e, pourraient r\u00e9duire le commerce mondial des marchandises de 1 % en 2025, ce qui constitue un net \u00e9cart par rapport \u00e0 ses pr\u00e9visions ant\u00e9rieures, qui tablaient sur une expansion du commerce.<\/p>\n<p>Le dernier rapport de l&#8217;OMC sur les perspectives du commerce mondial, publi\u00e9 en octobre 2024, pr\u00e9voyait une croissance de 3 % du commerce mondial de marchandises en 2025. Toutefois, l&#8217;escalade des tensions g\u00e9opolitiques et les incertitudes croissantes en mati\u00e8re de politique \u00e9conomique jettent aujourd&#8217;hui un doute important sur ces pr\u00e9visions.<\/p>\n<p>La directrice g\u00e9n\u00e9rale de l&#8217;OMC, Ngozi Okonjo-Iweala, a averti que ces mesures tarifaires pourraient d\u00e9g\u00e9n\u00e9rer en une v\u00e9ritable guerre commerciale, entra\u00eenant des mesures de r\u00e9torsion de la part d&#8217;autres pays et nuisant davantage au commerce mondial. Elle a soulign\u00e9 que l&#8217;OMC surveillait activement la situation et collaborait avec les pays membres pour r\u00e9pondre aux pr\u00e9occupations concernant l&#8217;impact potentiel de ces mesures.<\/p>\n<p>Mme Okonjo-Iweala a soulign\u00e9 que, bien que la majorit\u00e9 du commerce mondial continue de b\u00e9n\u00e9ficier des conditions de la nation la plus favoris\u00e9e (NPF) de l&#8217;OMC, sa part est tomb\u00e9e d&#8217;environ 80 % au d\u00e9but de l&#8217;ann\u00e9e \u00e0 74 % actuellement, ce qui refl\u00e8te la fragmentation croissante du commerce mondial.<\/p>\n<p>&#8220;Le secr\u00e9tariat de l&#8217;OMC suit de pr\u00e8s et analyse les mesures annonc\u00e9es par les \u00c9tats-Unis le 2 avril 2025&#8221;, a d\u00e9clar\u00e9 Mme Okonjo-Iweala. &#8220;De nombreux membres nous ont contact\u00e9s et nous nous engageons activement avec eux pour r\u00e9pondre \u00e0 leurs pr\u00e9occupations concernant l&#8217;impact potentiel sur leurs \u00e9conomies et le syst\u00e8me commercial mondial&#8221;, a-t-elle ajout\u00e9.<\/p>\n<p>Kristalina Georgieva, directrice g\u00e9n\u00e9rale du Fonds mon\u00e9taire international (FMI), a fait \u00e9cho \u00e0 des pr\u00e9occupations similaires jeudi, soulignant les risques que les droits de douane am\u00e9ricains font peser sur la stabilit\u00e9 \u00e9conomique mondiale.<\/p>\n<p>Alors que le FMI continue d&#8217;\u00e9valuer leur impact macro\u00e9conomique, elle a averti que ces mesures pourraient aggraver les perspectives de croissance mondiale, d\u00e9j\u00e0 faibles et cr\u00e9er une plus grande incertitude.<\/p>\n<p>&#8220;Nous sommes encore en train d&#8217;\u00e9valuer les implications macro\u00e9conomiques des mesures tarifaires annonc\u00e9es, mais il est clair qu&#8217;elles repr\u00e9sentent un risque important pour les perspectives mondiales \u00e0 un moment o\u00f9 la croissance est faible&#8221;, a d\u00e9clar\u00e9 Mme Georgieva dans un communiqu\u00e9. &#8220;Il est important d&#8217;\u00e9viter les mesures qui pourraient nuire davantage \u00e0 l&#8217;\u00e9conomie mondiale. Nous appelons les \u00c9tats-Unis et leurs partenaires commerciaux \u00e0 travailler de mani\u00e8re constructive pour r\u00e9soudre les tensions commerciales et r\u00e9duire l&#8217;incertitude&#8221;, a d\u00e9clar\u00e9 Mme Georgieva.<\/p>\n<p>Les droits de douane r\u00e9cemment annonc\u00e9s par le pr\u00e9sident am\u00e9ricain Donald Trump, qui doivent entrer en vigueur samedi, imposent une base de 10 % sur toutes les importations, avec des pr\u00e9l\u00e8vements suppl\u00e9mentaires ciblant les nations pr\u00e9sentant les d\u00e9ficits commerciaux les plus importants.<br \/>\nhttps:\/\/www.msn.com\/fr-xl\/actualite\/afrique\/l-omc-et-le-fmi-inquets-face-aux-taxes-douani%C3%A8res-am%C3%A9ricaines\/ar-AA1Cingu?ocid=msedgntp&#038;pc=U531&#038;cvid=9ef0b5789f1645df9e9fc2d88bda32ba&#038;ei=37<\/p>\n","protected":false},"excerpt":{"rendered":"<p>L&#8217;Organisation mondiale du commerce (OMC) et le Fonds mon\u00e9taire international (FMI) ont exprim\u00e9 leurs inqui\u00e9tudes quant aux retomb\u00e9es \u00e9conomiques des nouveaux droits de douane introduits par l&#8217;administration Trump, avertissant que ces politiques pourraient gravement perturber le commerce mondial et entraver la croissance \u00e9conomique. Dans une d\u00e9claration publi\u00e9e jeudi, l&#8217;OMC pr\u00e9voit que les droits de douane &hellip;<\/p>\n","protected":false},"author":2,"featured_media":14884,"comment_status":"open","ping_status":"open","sticky":false,"template":"","format":"standard","meta":{"footnotes":""},"categories":[18,29],"tags":[],"class_list":["post-14883","post","type-post","status-publish","format-standard","has-post-thumbnail","hentry","category-actualites","category-monde"],"_links":{"self":[{"href":"https:\/\/ladepeche.mr\/index.php?rest_route=\/wp\/v2\/posts\/14883","targetHints":{"allow":["GET"]}}],"collection":[{"href":"https:\/\/ladepeche.mr\/index.php?rest_route=\/wp\/v2\/posts"}],"about":[{"href":"https:\/\/ladepeche.mr\/index.php?rest_route=\/wp\/v2\/types\/post"}],"author":[{"embeddable":true,"href":"https:\/\/ladepeche.mr\/index.php?rest_route=\/wp\/v2\/users\/2"}],"replies":[{"embeddable":true,"href":"https:\/\/ladepeche.mr\/index.php?rest_route=%2Fwp%2Fv2%2Fcomments&post=14883"}],"version-history":[{"count":2,"href":"https:\/\/ladepeche.mr\/index.php?rest_route=\/wp\/v2\/posts\/14883\/revisions"}],"predecessor-version":[{"id":14886,"href":"https:\/\/ladepeche.mr\/index.php?rest_route=\/wp\/v2\/posts\/14883\/revisions\/14886"}],"wp:featuredmedia":[{"embeddable":true,"href":"https:\/\/ladepeche.mr\/index.php?rest_route=\/wp\/v2\/media\/14884"}],"wp:attachment":[{"href":"https:\/\/ladepeche.mr\/index.php?rest_route=%2Fwp%2Fv2%2Fmedia&parent=14883"}],"wp:term":[{"taxonomy":"category","embeddable":true,"href":"https:\/\/ladepeche.mr\/index.php?rest_route=%2Fwp%2Fv2%2Fcategories&post=14883"},{"taxonomy":"post_tag","embeddable":true,"href":"https:\/\/ladepeche.mr\/index.php?rest_route=%2Fwp%2Fv2%2Ftags&post=14883"}],"curies":[{"name":"wp","href":"https:\/\/api.w.org\/{rel}","templated":true}]}}