{"id":14887,"date":"2025-04-04T14:59:48","date_gmt":"2025-04-04T14:59:48","guid":{"rendered":"https:\/\/ladepeche.mr\/?p=14887"},"modified":"2025-04-04T15:37:13","modified_gmt":"2025-04-04T15:37:13","slug":"massacres-a-gaza-les-imams-appellent-les-fideles-a-soutenir-les-victimes-disrael","status":"publish","type":"post","link":"https:\/\/ladepeche.mr\/?p=14887","title":{"rendered":"Massacres \u00e0 Gaza : Les imams \u00e0 Nouakchott appellent les fid\u00e8les \u00e0 soutenir les victimes des raids isra\u00e9liens"},"content":{"rendered":"<p>Les imams des mosqu\u00e9es en Mauritanie ont appel\u00e9 vendredi, \u00e0 l\u2019occasion de la Grande Pri\u00e8re, les fid\u00e8les dans le monde entier \u00e0 apporter un soutien agissant aux populations civiles palestiniennes massacr\u00e9es par l\u2019arm\u00e9e de l&#8217;Etat h\u00e9breu dans un silence complice des pays parrains du processus de cessez-le feu.<br \/>\nSelon l\u2019un de ces imams, \u00ab c\u2019est la foi des fid\u00e8les \u00e0 apporter leur soutien \u00e0 leurs fr\u00e8res \u00e0 Gaza qui est aujourd\u2019hui test\u00e9e \u00bb. \u00abLes populations de Gaza sont victimes d\u2019un ennemi sans foi et sans piti\u00e9 qui extermine femmes et enfants, au vu et au su de tous \u00bb a notamment martel\u00e9 l\u2019Imam d\u2019une mosqu\u00e9e \u00e0 la Socogim.<br \/>\nDes manifestations de soutien \u00e0 la cause palestinienne sont pr\u00e9vues pour condamner le blocage de l\u2019aide humanitaire et l\u2019\u00e9puration ethnique en Palestine o\u00f9 Isra\u00e9l soutenu par des Etats occidentaux comme les Usa et la Grande Bretagne s\u2019en donne \u00e0 c\u0153ur joie dans le massacre des populations civiles.<br \/>\nPlusieurs manifestations ont \u00e9t\u00e9 organis\u00e9es devant les enceintes des Etats Occidentaux et notamment les Usa pour leur soutien qualifi\u00e9 de parti pris dans le g\u00e9nocide contre les palestiniens par les manifestants \u00e0 Nouakchott.<\/p>\n<p>A noter qu\u2019outre 15 humanitaires assassin\u00e9s dans des frappes a\u00e9riennes, les op\u00e9rations militaires isra\u00e9liennes ont, depuis le premier mars 2025, massacr\u00e9 plus de 1 200 Palestiniens dont au moins 320 enfants.<br \/>\nLe bilan des civils tu\u00e9s d\u00e9passent officiellement plus de 60.000 morts palestiniens, en majorit\u00e9 des femmes et des enfants.<\/p>\n","protected":false},"excerpt":{"rendered":"<p>Les imams des mosqu\u00e9es en Mauritanie ont appel\u00e9 vendredi, \u00e0 l\u2019occasion de la Grande Pri\u00e8re, les fid\u00e8les dans le monde entier \u00e0 apporter un soutien agissant aux populations civiles palestiniennes massacr\u00e9es par l\u2019arm\u00e9e de l&#8217;Etat h\u00e9breu dans un silence complice des pays parrains du processus de cessez-le feu. Selon l\u2019un de ces imams, \u00ab c\u2019est &hellip;<\/p>\n","protected":false},"author":2,"featured_media":14888,"comment_status":"open","ping_status":"open","sticky":false,"template":"","format":"standard","meta":{"footnotes":""},"categories":[18,29],"tags":[],"class_list":["post-14887","post","type-post","status-publish","format-standard","has-post-thumbnail","hentry","category-actualites","category-monde"],"_links":{"self":[{"href":"https:\/\/ladepeche.mr\/index.php?rest_route=\/wp\/v2\/posts\/14887","targetHints":{"allow":["GET"]}}],"collection":[{"href":"https:\/\/ladepeche.mr\/index.php?rest_route=\/wp\/v2\/posts"}],"about":[{"href":"https:\/\/ladepeche.mr\/index.php?rest_route=\/wp\/v2\/types\/post"}],"author":[{"embeddable":true,"href":"https:\/\/ladepeche.mr\/index.php?rest_route=\/wp\/v2\/users\/2"}],"replies":[{"embeddable":true,"href":"https:\/\/ladepeche.mr\/index.php?rest_route=%2Fwp%2Fv2%2Fcomments&post=14887"}],"version-history":[{"count":3,"href":"https:\/\/ladepeche.mr\/index.php?rest_route=\/wp\/v2\/posts\/14887\/revisions"}],"predecessor-version":[{"id":14894,"href":"https:\/\/ladepeche.mr\/index.php?rest_route=\/wp\/v2\/posts\/14887\/revisions\/14894"}],"wp:featuredmedia":[{"embeddable":true,"href":"https:\/\/ladepeche.mr\/index.php?rest_route=\/wp\/v2\/media\/14888"}],"wp:attachment":[{"href":"https:\/\/ladepeche.mr\/index.php?rest_route=%2Fwp%2Fv2%2Fmedia&parent=14887"}],"wp:term":[{"taxonomy":"category","embeddable":true,"href":"https:\/\/ladepeche.mr\/index.php?rest_route=%2Fwp%2Fv2%2Fcategories&post=14887"},{"taxonomy":"post_tag","embeddable":true,"href":"https:\/\/ladepeche.mr\/index.php?rest_route=%2Fwp%2Fv2%2Ftags&post=14887"}],"curies":[{"name":"wp","href":"https:\/\/api.w.org\/{rel}","templated":true}]}}