{"id":1489,"date":"2022-08-17T21:25:33","date_gmt":"2022-08-17T21:25:33","guid":{"rendered":"https:\/\/ladepeche.mr\/?p=1489"},"modified":"2022-08-17T21:25:33","modified_gmt":"2022-08-17T21:25:33","slug":"conseil-des-ministres-lage-de-la-retraite-fixe-a-68-ans-pour-les-enseignants-chercheurs-universitaires-et-hospitalo-universitaires","status":"publish","type":"post","link":"https:\/\/ladepeche.mr\/?p=1489","title":{"rendered":"Conseil des ministres: L&#8217;\u00e2ge de la retraite fix\u00e9 \u00e0 68 ans pour les enseignants chercheurs universitaires et hospitalo-universitaires"},"content":{"rendered":"<p>Le Conseil des Ministres s\u2019est r\u00e9uni le mercredi 17 Aout 2022 sous la Pr\u00e9sidence de Son Excellence Monsieur Mohamed Ould Cheikh El-Ghazouani, Pr\u00e9sident de la R\u00e9publique.<\/p>\n<p>Le Conseil a examin\u00e9 et adopt\u00e9 les projets de d\u00e9crets suivants :<\/p>\n<p>-Projet de d\u00e9cret portant nomination des membres du Conseil d\u2019Administration du Centre d\u2019Accueil et de R\u00e9insertion Sociale des Enfants en Conflit avec la loi (CARSEC).<\/p>\n<p>-Projet de d\u00e9cret portant approbation d\u2019une Convention d\u2019Etablissement entre le Gouvernement de la R\u00e9publique Islamique de Mauritanie et la Soci\u00e9t\u00e9 Biladi pour la Production Agricole et Animale-SA.<\/p>\n<p>L\u2019approbation de cette convention s\u2019inscrit dans le cadre des efforts de promotion du secteur priv\u00e9 d\u00e9ploy\u00e9s par les pouvoirs publics.<\/p>\n<p>La soci\u00e9t\u00e9 envisage la mise en place d\u2019un projet int\u00e9gr\u00e9 de production avicole et fourrage pour l\u2019\u00e9levage \u00e0 Rosso, wilaya du Trarza.<\/p>\n<p>Ce projet dont le cout est estime \u00e0 743.386.420 MRU contribuera \u00e0 la satisfaction des besoins de la marche nationale, tout en ayant des r\u00e9percussions \u00e9conomiques et sociales importantes en termes de cr\u00e9ation d\u2019emplois et de formation.<\/p>\n<p>En effet, le projet devra cr\u00e9e 137 emplois directs et 1000 autres emplois indirects et assurera une formation professionnelle des nationaux qu\u2019il aura \u00e0 employer.<\/p>\n<p>-Projet de d\u00e9cret portant approbation d\u2019une Convention d\u2019Etablissement entre le Gouvernement de la R\u00e9publique Islamique de Mauritanie et Kenz Mining-SA.<\/p>\n<p>L\u2019approbation de cette convention s\u2019inscrit dans le cadre des efforts de promotion du secteur priv\u00e9 d\u00e9ploy\u00e9s par les pouvoirs publics.<\/p>\n<p>La soci\u00e9t\u00e9 Kenz Mining-SA envisage la mise en place et l\u2019exploitation d\u2019une unit\u00e9 de transformation de r\u00e9sidus de l\u2019activit\u00e9 d\u2019orpaillage \u00e0 la Moughataa de Chami.<\/p>\n<p>Ce projet dont le co\u00fbt est estime \u00e0 554.913.395 MRU permettra la valorisation de ces r\u00e9sidus et contribuera \u00e0 la limitation de leurs effets n\u00e9fastes \u00e0 l\u2019environnement, tout en ayant des r\u00e9percussions \u00e9conomiques et sociales importantes en termes de cr\u00e9ation d\u2019emploi et de formation.<\/p>\n<p>En effet, le projet devra cr\u00e9e 52 emplois directs et 200 autres emplois indirects et assurera une formation professionnelle des nationaux qu\u2019il aura \u00e0 employer.<\/p>\n<p>-Projet de d\u00e9cret portant approbation d\u2019une Convention d\u2019Etablissement entre le Gouvernement de la R\u00e9publique Islamique de Mauritanie et la Soci\u00e9t\u00e9 Al Mahaliya-SA.<\/p>\n<p>L\u2019approbation de cette convention s\u2019inscrit dans le cadre des efforts de promotion du secteur priv\u00e9 d\u00e9ploy\u00e9s par les pouvoirs publics.<\/p>\n<p>La soci\u00e9t\u00e9 AL Mahaliya-SA envisage la mise en place d\u2019une unit\u00e9 de production du lait frais, lait UHT et yaourt \u00e0 Nouakchott.<\/p>\n<p>Ce projet dont le cout est estime \u00e0 1.293. 168. 025 MRU contribuera \u00e0 la satisfaction des besoins du march\u00e9 national, tout en ayant des r\u00e9percussions \u00e9conomiques et sociales importantes en termes de cr\u00e9ation d\u2019emplois et de formation.<\/p>\n<p>En effet, le projet devra cr\u00e9e 56 emplois directs et 244 autres emplois indirects et assurera une formation professionnelle des nationaux qu\u2019il aura \u00e0 employer.<\/p>\n<p>-Projet de d\u00e9cret portant modification de certaines dispositions du d\u00e9cret n\u00b02006-126 du 04 d\u00e9cembre 2006, modifi\u00e9, portant statut particulier des enseignants chercheurs universitaires et hospitalo-universitaires.<\/p>\n<p>Cette modification vise \u00e0 fixer la limite d\u2019\u00e2ge pour l\u2019admission \u00e0 la retraite \u00e0 68 ans, en ex\u00e9cution des engagements de S.E.M le Pr\u00e9sident de la R\u00e9publique et compte tenu, \u00e9galement, de la sp\u00e9cificit\u00e9 des corps de l\u2019enseignement sup\u00e9rieur et la n\u00e9cessit\u00e9 de ralentir le rythme de d\u00e9part \u00e0 la retraite qui concerne des enseignants chercheurs ayant, dans leur majorit\u00e9, d\u2019importantes exp\u00e9riences cumul\u00e9es dans leur domaine de sp\u00e9cialit\u00e9, afin de r\u00e9pondre aux besoins li\u00e9s \u00e0 l\u2019extension et \u00e0 la diversification de de l\u2019enseignement sup\u00e9rieur au cours des trois derni\u00e8res ann\u00e9es.<\/p>\n<p>Le Pr\u00e9sident de la R\u00e9publique a instruit le Gouvernement de participer activement \u00e0 la campagne agricole, et de donner les instructions n\u00e9cessaires aux cadres des diff\u00e9rents secteurs minist\u00e9riels pour sensibiliser sur l\u2019importance de l\u2019agriculture, et cr\u00e9er une nouvelle dynamique incluant les \u00e9lus et les acteurs. Dans ce cadre, les d\u00e9partements techniques doivent fournir l\u2019appui n\u00e9cessaire en termes de semences et de mat\u00e9riels horticoles.<\/p>\n<p>Le Ministre des Affaires Etrang\u00e8res, de la Coop\u00e9ration et des Mauritaniens de l\u2019Ext\u00e9rieur a pr\u00e9sent\u00e9 une communication relative \u00e0 la situation internationale.<\/p>\n<p>Le Ministre de l\u2019Int\u00e9rieur et de la D\u00e9centralisation a pr\u00e9sent\u00e9 une communication relative \u00e0 la situation int\u00e9rieure.<\/p>\n<p>Ami<\/p>\n","protected":false},"excerpt":{"rendered":"<p>Le Conseil des Ministres s\u2019est r\u00e9uni le mercredi 17 Aout 2022 sous la Pr\u00e9sidence de Son Excellence Monsieur Mohamed Ould Cheikh El-Ghazouani, Pr\u00e9sident de la R\u00e9publique. Le Conseil a examin\u00e9 et adopt\u00e9 les projets de d\u00e9crets suivants : -Projet de d\u00e9cret portant nomination des membres du Conseil d\u2019Administration du Centre d\u2019Accueil et de R\u00e9insertion Sociale &hellip;<\/p>\n","protected":false},"author":2,"featured_media":1382,"comment_status":"open","ping_status":"open","sticky":false,"template":"","format":"standard","meta":{"footnotes":""},"categories":[18],"tags":[],"class_list":["post-1489","post","type-post","status-publish","format-standard","has-post-thumbnail","hentry","category-actualites"],"_links":{"self":[{"href":"https:\/\/ladepeche.mr\/index.php?rest_route=\/wp\/v2\/posts\/1489","targetHints":{"allow":["GET"]}}],"collection":[{"href":"https:\/\/ladepeche.mr\/index.php?rest_route=\/wp\/v2\/posts"}],"about":[{"href":"https:\/\/ladepeche.mr\/index.php?rest_route=\/wp\/v2\/types\/post"}],"author":[{"embeddable":true,"href":"https:\/\/ladepeche.mr\/index.php?rest_route=\/wp\/v2\/users\/2"}],"replies":[{"embeddable":true,"href":"https:\/\/ladepeche.mr\/index.php?rest_route=%2Fwp%2Fv2%2Fcomments&post=1489"}],"version-history":[{"count":1,"href":"https:\/\/ladepeche.mr\/index.php?rest_route=\/wp\/v2\/posts\/1489\/revisions"}],"predecessor-version":[{"id":1490,"href":"https:\/\/ladepeche.mr\/index.php?rest_route=\/wp\/v2\/posts\/1489\/revisions\/1490"}],"wp:featuredmedia":[{"embeddable":true,"href":"https:\/\/ladepeche.mr\/index.php?rest_route=\/wp\/v2\/media\/1382"}],"wp:attachment":[{"href":"https:\/\/ladepeche.mr\/index.php?rest_route=%2Fwp%2Fv2%2Fmedia&parent=1489"}],"wp:term":[{"taxonomy":"category","embeddable":true,"href":"https:\/\/ladepeche.mr\/index.php?rest_route=%2Fwp%2Fv2%2Fcategories&post=1489"},{"taxonomy":"post_tag","embeddable":true,"href":"https:\/\/ladepeche.mr\/index.php?rest_route=%2Fwp%2Fv2%2Ftags&post=1489"}],"curies":[{"name":"wp","href":"https:\/\/api.w.org\/{rel}","templated":true}]}}