{"id":14891,"date":"2025-04-04T15:28:15","date_gmt":"2025-04-04T15:28:15","guid":{"rendered":"https:\/\/ladepeche.mr\/?p=14891"},"modified":"2025-04-04T15:28:15","modified_gmt":"2025-04-04T15:28:15","slug":"la-france-reitere-son-soutien-a-la-souverainete-du-maroc-sur-son-sahara-chef-de-la-diplomatie-francaise","status":"publish","type":"post","link":"https:\/\/ladepeche.mr\/?p=14891","title":{"rendered":"La France r\u00e9it\u00e8re son soutien \u00e0 la souverainet\u00e9 du Maroc sur son Sahara (chef de la diplomatie fran\u00e7aise)"},"content":{"rendered":"<p>Le ministre fran\u00e7ais de l\u2019Europe et des Affaires \u00e9trang\u00e8res, Jean-No\u00ebl Barrot, a r\u00e9it\u00e9r\u00e9 la position de la France, exprim\u00e9e au plus haut niveau de l\u2019\u00c9tat, soutenant la souverainet\u00e9 du Maroc sur son Sahara.<br \/>\n\u00ab Il y a quelques mois, nous avons exprim\u00e9 notre vision du pr\u00e9sent et de l\u2019avenir du Sahara occidental, qui s\u2019inscrivent dans le cadre de la souverainet\u00e9 marocaine, en cons\u00e9quence directe du plan d\u2019autonomie marocain \u00bb, a d\u00e9clar\u00e9 le chef de la diplomatie fran\u00e7aise lors d\u2019une audition, mercredi 2 avril, devant la Commission des Affaires \u00e9trang\u00e8res \u00e0 l\u2019Assembl\u00e9e nationale.<br \/>\n\u00ab Il n\u2019y a pas aujourd\u2019hui d\u2019autres solutions r\u00e9alistes et cr\u00e9dibles \u00bb, a-t-il tenu \u00e0 rappeler. Ceci s\u2019inscrit dans le cadre d\u2019\u00ab une solution politique durable et mutuellement acceptable aux Nations unies, et nous soutenons les efforts onusiens en vue de ce dialogue \u00bb, a ajout\u00e9 M. Barrot, pr\u00e9cisant qu\u2019il aura l\u2019occasion \u00ab d\u2019en parler dans quelques jours avec mon homologue marocain Nasser Bourita \u00e0 Paris \u00bb.<br \/>\nDans un message adress\u00e9 au roi Mohammed VI en juillet 2024, le pr\u00e9sident fran\u00e7ais, Emmanuel Macron, avait affirm\u00e9 que la France \u00ab consid\u00e8re que le pr\u00e9sent et l\u2019avenir du Sahara occidental s\u2019inscrivent dans le cadre de la souverainet\u00e9 marocaine \u00bb.<br \/>\nMacron avait assur\u00e9 au roi Mohammed VI de \u00ab l\u2019intangibilit\u00e9 de la position fran\u00e7aise sur cet enjeu de s\u00e9curit\u00e9 nationale pour le royaume \u00bb, et que son pays \u00ab entend agir en coh\u00e9rence avec cette position, \u00e0 titre national et au niveau international \u00bb.<br \/>\nLe chef de l\u2019\u00c9tat fran\u00e7ais avait \u00e9galement r\u00e9it\u00e9r\u00e9 avec force le soutien de la France \u00e0 la souverainet\u00e9 du royaume sur son Sahara lors d\u2019une s\u00e9ance conjointe des deux chambres du Parlement marocain, le 29 octobre dernier, \u00e0 l\u2019occasion de sa visite d\u2019\u00c9tat dans le royaume.<br \/>\n\u00ab Et je le r\u00e9affirme ici devant vous : pour la France, le pr\u00e9sent et l\u2019avenir de ce territoire s\u2019inscrivent dans le cadre de la souverainet\u00e9 marocaine. L\u2019autonomie sous souverainet\u00e9 marocaine est le cadre dans lequel cette question doit \u00eatre r\u00e9solue \u00bb, avait d\u00e9clar\u00e9 M. Macron devant les deux chambres du Parlement.<br \/>\n(m\u00e9dias)<\/p>\n","protected":false},"excerpt":{"rendered":"<p>Le ministre fran\u00e7ais de l\u2019Europe et des Affaires \u00e9trang\u00e8res, Jean-No\u00ebl Barrot, a r\u00e9it\u00e9r\u00e9 la position de la France, exprim\u00e9e au plus haut niveau de l\u2019\u00c9tat, soutenant la souverainet\u00e9 du Maroc sur son Sahara. \u00ab Il y a quelques mois, nous avons exprim\u00e9 notre vision du pr\u00e9sent et de l\u2019avenir du Sahara occidental, qui s\u2019inscrivent dans &hellip;<\/p>\n","protected":false},"author":2,"featured_media":14892,"comment_status":"open","ping_status":"open","sticky":false,"template":"","format":"standard","meta":{"footnotes":""},"categories":[18,29],"tags":[],"class_list":["post-14891","post","type-post","status-publish","format-standard","has-post-thumbnail","hentry","category-actualites","category-monde"],"_links":{"self":[{"href":"https:\/\/ladepeche.mr\/index.php?rest_route=\/wp\/v2\/posts\/14891","targetHints":{"allow":["GET"]}}],"collection":[{"href":"https:\/\/ladepeche.mr\/index.php?rest_route=\/wp\/v2\/posts"}],"about":[{"href":"https:\/\/ladepeche.mr\/index.php?rest_route=\/wp\/v2\/types\/post"}],"author":[{"embeddable":true,"href":"https:\/\/ladepeche.mr\/index.php?rest_route=\/wp\/v2\/users\/2"}],"replies":[{"embeddable":true,"href":"https:\/\/ladepeche.mr\/index.php?rest_route=%2Fwp%2Fv2%2Fcomments&post=14891"}],"version-history":[{"count":1,"href":"https:\/\/ladepeche.mr\/index.php?rest_route=\/wp\/v2\/posts\/14891\/revisions"}],"predecessor-version":[{"id":14893,"href":"https:\/\/ladepeche.mr\/index.php?rest_route=\/wp\/v2\/posts\/14891\/revisions\/14893"}],"wp:featuredmedia":[{"embeddable":true,"href":"https:\/\/ladepeche.mr\/index.php?rest_route=\/wp\/v2\/media\/14892"}],"wp:attachment":[{"href":"https:\/\/ladepeche.mr\/index.php?rest_route=%2Fwp%2Fv2%2Fmedia&parent=14891"}],"wp:term":[{"taxonomy":"category","embeddable":true,"href":"https:\/\/ladepeche.mr\/index.php?rest_route=%2Fwp%2Fv2%2Fcategories&post=14891"},{"taxonomy":"post_tag","embeddable":true,"href":"https:\/\/ladepeche.mr\/index.php?rest_route=%2Fwp%2Fv2%2Ftags&post=14891"}],"curies":[{"name":"wp","href":"https:\/\/api.w.org\/{rel}","templated":true}]}}